{"id":84990,"date":"2025-09-23T21:59:15","date_gmt":"2025-09-24T03:59:15","guid":{"rendered":"https:\/\/zonaroja.com.mx\/?p=84990"},"modified":"2025-09-23T21:59:17","modified_gmt":"2025-09-24T03:59:17","slug":"avanza-xoxocotlan-con-obras-de-pavimentacion-adoquin-y-red-de-drenaje","status":"publish","type":"post","link":"https:\/\/zonaroja.com.mx\/?p=84990","title":{"rendered":"Avanza Xoxocotl\u00e1n con obras de pavimentaci\u00f3n, adoqu\u00edn y red de drenaje\u00a0"},"content":{"rendered":"\n<p>Redacci\u00f3n\/Zona Roja.<\/p>\n\n\n\n<p>Oaxaca, Oax., a 23 de septiembre de 2025.\u2013 Las calles de Santa Cruz Xoxocotl\u00e1n contin\u00faan transform\u00e1ndose. Este martes arrancaron nuevas obras de pavimentaci\u00f3n con concreto hidr\u00e1ulico, adoqu\u00edn y rehabilitaci\u00f3n de la red de drenaje sanitario, impulsadas por la administraci\u00f3n de la presidenta municipal, Nancy Ben\u00edtez Z\u00e1rate.<\/p>\n\n\n\n<p>Los trabajos beneficiar\u00e1n a m\u00e1s de mil personas y contemplan pavimento con concreto hidr\u00e1ulico en el Barrio El Calicanto y la colonia Sat\u00e9lite; pavimento con adoqu\u00edn en la colonia Las Culturas; as\u00ed como la rehabilitaci\u00f3n de la red de drenaje sanitario en la Agencia Municipal de San Juan Bautista La Raya.<\/p>\n\n\n\n<p>Con estas acciones, se busca mejorar la movilidad, la imagen urbana y, sobre todo, las condiciones de salubridad de las familias.<\/p>\n\n\n\n<p>Durante la jornada, la edil, acompa\u00f1ada de su Cabildo y colonos, destac\u00f3 que estas obras son parte del esfuerzo por atender las necesidades m\u00e1s sentidas de la ciudadan\u00eda.<\/p>\n\n\n\n<p>\u201cEstamos convencidos de que la transformaci\u00f3n empieza desde las colonias. Nuestro compromiso es trabajar para que las familias de Xoxocotl\u00e1n vivan en mejores condiciones y tengan acceso a infraestructura de calidad que impulse el desarrollo de sus comunidades\u201d, expres\u00f3.<\/p>\n\n\n\n<p>Los trabajos, financiados a trav\u00e9s del Fondo de Aportaciones para la Infraestructura Social Municipal (Faismun), llegan a las comunidades que m\u00e1s lo requieren, generando un cambio tangible en la vida cotidiana de las y los xoxe\u00f1os.&nbsp;<\/p>\n","protected":false},"excerpt":{"rendered":"<p>Redacci\u00f3n\/Zona Roja. Oaxaca, Oax., a 23 de septiembre de 2025.\u2013 Las calles de Santa Cruz&hellip;<\/p>\n","protected":false},"author":2,"featured_media":84991,"comment_status":"closed","ping_status":"open","sticky":false,"template":"","format":"standard","meta":{"_lmt_disableupdate":"","_lmt_disable":"","_jetpack_memberships_contains_paid_content":false,"footnotes":""},"categories":[109,46],"tags":[133],"class_list":["post-84990","post","type-post","status-publish","format-standard","has-post-thumbnail","hentry","category-minuto-a-minuto","category-zona-blanca","tag-santa-cruz-xoxocotlan"],"jetpack_featured_media_url":"https:\/\/zonaroja.com.mx\/wp-content\/uploads\/2025\/09\/Xoxocotlan-avanza-con-obras-de-pavimento-de-concreto-hidraulico-adoquin-y-red-de-drenaje-6.jpeg","jetpack_sharing_enabled":true,"_links":{"self":[{"href":"https:\/\/zonaroja.com.mx\/index.php?rest_route=\/wp\/v2\/posts\/84990","targetHints":{"allow":["GET"]}}],"collection":[{"href":"https:\/\/zonaroja.com.mx\/index.php?rest_route=\/wp\/v2\/posts"}],"about":[{"href":"https:\/\/zonaroja.com.mx\/index.php?rest_route=\/wp\/v2\/types\/post"}],"author":[{"embeddable":true,"href":"https:\/\/zonaroja.com.mx\/index.php?rest_route=\/wp\/v2\/users\/2"}],"replies":[{"embeddable":true,"href":"https:\/\/zonaroja.com.mx\/index.php?rest_route=%2Fwp%2Fv2%2Fcomments&post=84990"}],"version-history":[{"count":1,"href":"https:\/\/zonaroja.com.mx\/index.php?rest_route=\/wp\/v2\/posts\/84990\/revisions"}],"predecessor-version":[{"id":84992,"href":"https:\/\/zonaroja.com.mx\/index.php?rest_route=\/wp\/v2\/posts\/84990\/revisions\/84992"}],"wp:featuredmedia":[{"embeddable":true,"href":"https:\/\/zonaroja.com.mx\/index.php?rest_route=\/wp\/v2\/media\/84991"}],"wp:attachment":[{"href":"https:\/\/zonaroja.com.mx\/index.php?rest_route=%2Fwp%2Fv2%2Fmedia&parent=84990"}],"wp:term":[{"taxonomy":"category","embeddable":true,"href":"https:\/\/zonaroja.com.mx\/index.php?rest_route=%2Fwp%2Fv2%2Fcategories&post=84990"},{"taxonomy":"post_tag","embeddable":true,"href":"https:\/\/zonaroja.com.mx\/index.php?rest_route=%2Fwp%2Fv2%2Ftags&post=84990"}],"curies":[{"name":"wp","href":"https:\/\/api.w.org\/{rel}","templated":true}]}}