{"id":84993,"date":"2025-09-23T22:01:54","date_gmt":"2025-09-24T04:01:54","guid":{"rendered":"https:\/\/zonaroja.com.mx\/?p=84993"},"modified":"2025-09-23T22:01:58","modified_gmt":"2025-09-24T04:01:58","slug":"balean-camioneta-donde-viajaba-nieta-del-gobernador-de-sinaloa-dos-heridos","status":"publish","type":"post","link":"https:\/\/zonaroja.com.mx\/?p=84993","title":{"rendered":"Balean camioneta donde viajaba nieta del gobernador de Sinaloa; dos heridos"},"content":{"rendered":"\n<p>Redacci\u00f3n\/Zona Roja Cdmx.<\/p>\n\n\n\n<p>Ciudad de M\u00e9xico, a 23 de septiembre de 2025.- Un veh\u00edculo en el que viajaba la nieta del gobernador de Sinaloa, Rub\u00e9n Rocha, fue atacado a balazos por un grupo armado en boulevard Jes\u00fas Kumate, al sur de Culiac\u00e1n. Los dos escoltas adscritos a la Polic\u00eda del Estado y al servicio de la familia del mandatario resultaron heridos, mientras que ella sali\u00f3 ilesa.<\/p>\n\n\n\n<p>\u201cRespecto a la agresi\u00f3n sufrida a elementos de la SSP Sinaloa en Culiac\u00e1n, derivada de un intento de despojo de camioneta, informo que los agentes lesionados ya reciben atenci\u00f3n m\u00e9dica. En el veh\u00edculo viajaba mi nieta, quien result\u00f3 ilesa. Seguiremos trabajando con firmeza para garantizar la seguridad de la ciudadan\u00eda\u201d, indic\u00f3 el mandatario mediante sus redes sociales.<\/p>\n\n\n\n<p>\u201cEste 23 de septiembre de 2025, elementos de la Direcci\u00f3n de Servicios de Protecci\u00f3n de esta Secretar\u00eda fueron agredidos con armas de fuego al circular por el boulevard Jes\u00fas Kumate, en la salida sur de Culiac\u00e1n, por lo que el Grupo Interinstitucional acudi\u00f3 en su apoyo para restablecer el orden y controlar la situaci\u00f3n\u201d, a\u00f1adi\u00f3 la SSP estatal, difundi\u00f3 \u201cReforma\u201d en su portal web.<\/p>\n\n\n\n<p>Durante la agresi\u00f3n, a\u00f1adi\u00f3, los agentes resultaron lesionados y un autob\u00fas recibi\u00f3 impactos de bala; sin embargo, todos los tripulantes se encuentran a salvo.<\/p>\n\n\n\n<p>El autob\u00fas de pasajeros qued\u00f3 en medio del fuego cruzado, con impactos de bala en la carrocer\u00eda, alertaron usuarios en redes, a\u00f1ade el medio nacional.<\/p>\n\n\n\n<p>Se indic\u00f3 que autoridades localizaron decenas de casquillos percutidos de diferentes calibres esparcidos sobre el asfalto, precisa \u201cReforma\u201d.<\/p>\n\n\n\n<p>Asimismo, detalla que la Fiscal\u00eda General del Estado de Sinaloa inici\u00f3 una carpeta de investigaci\u00f3n por el ataque armado.<\/p>\n\n\n\n<p>(Con informaci\u00f3n de Reforma)<\/p>\n","protected":false},"excerpt":{"rendered":"<p>Redacci\u00f3n\/Zona Roja Cdmx. Ciudad de M\u00e9xico, a 23 de septiembre de 2025.- Un veh\u00edculo en&hellip;<\/p>\n","protected":false},"author":2,"featured_media":84994,"comment_status":"closed","ping_status":"open","sticky":false,"template":"","format":"standard","meta":{"_lmt_disableupdate":"","_lmt_disable":"","_jetpack_memberships_contains_paid_content":false,"footnotes":""},"categories":[109,47],"tags":[4146],"class_list":["post-84993","post","type-post","status-publish","format-standard","has-post-thumbnail","hentry","category-minuto-a-minuto","category-zona-gris","tag-violencia-en-sinaloa"],"jetpack_featured_media_url":"https:\/\/zonaroja.com.mx\/wp-content\/uploads\/2025\/09\/Camioneta-baleada-nieta-de-Rocha-Sinaloa.png.webp","jetpack_sharing_enabled":true,"_links":{"self":[{"href":"https:\/\/zonaroja.com.mx\/index.php?rest_route=\/wp\/v2\/posts\/84993","targetHints":{"allow":["GET"]}}],"collection":[{"href":"https:\/\/zonaroja.com.mx\/index.php?rest_route=\/wp\/v2\/posts"}],"about":[{"href":"https:\/\/zonaroja.com.mx\/index.php?rest_route=\/wp\/v2\/types\/post"}],"author":[{"embeddable":true,"href":"https:\/\/zonaroja.com.mx\/index.php?rest_route=\/wp\/v2\/users\/2"}],"replies":[{"embeddable":true,"href":"https:\/\/zonaroja.com.mx\/index.php?rest_route=%2Fwp%2Fv2%2Fcomments&post=84993"}],"version-history":[{"count":1,"href":"https:\/\/zonaroja.com.mx\/index.php?rest_route=\/wp\/v2\/posts\/84993\/revisions"}],"predecessor-version":[{"id":84995,"href":"https:\/\/zonaroja.com.mx\/index.php?rest_route=\/wp\/v2\/posts\/84993\/revisions\/84995"}],"wp:featuredmedia":[{"embeddable":true,"href":"https:\/\/zonaroja.com.mx\/index.php?rest_route=\/wp\/v2\/media\/84994"}],"wp:attachment":[{"href":"https:\/\/zonaroja.com.mx\/index.php?rest_route=%2Fwp%2Fv2%2Fmedia&parent=84993"}],"wp:term":[{"taxonomy":"category","embeddable":true,"href":"https:\/\/zonaroja.com.mx\/index.php?rest_route=%2Fwp%2Fv2%2Fcategories&post=84993"},{"taxonomy":"post_tag","embeddable":true,"href":"https:\/\/zonaroja.com.mx\/index.php?rest_route=%2Fwp%2Fv2%2Ftags&post=84993"}],"curies":[{"name":"wp","href":"https:\/\/api.w.org\/{rel}","templated":true}]}}