{"id":85002,"date":"2025-09-24T09:15:00","date_gmt":"2025-09-24T15:15:00","guid":{"rendered":"https:\/\/zonaroja.com.mx\/?p=85002"},"modified":"2025-09-24T07:21:08","modified_gmt":"2025-09-24T13:21:08","slug":"sin-pistas-de-joven-erick-jair-a-tres-meses-de-su-desaparicion","status":"publish","type":"post","link":"https:\/\/zonaroja.com.mx\/?p=85002","title":{"rendered":"Sin pistas, de joven \u00c9rick Jair, a tres meses de su desaparici\u00f3n"},"content":{"rendered":"\n<p>Lisbeth Mej\u00eda Reyes\/Zona Roja.<\/p>\n\n\n\n<p>Oaxaca, Oax., a 24 de septiembre de 2025.- Al cumplirse tres meses de la desaparici\u00f3n forzada de \u00c9rick Jair P\u00e9rez Lim\u00f3n, el activista Joaqu\u00edn Galv\u00e1n denunci\u00f3 que la noche de su desaparici\u00f3n, el joven de 21 a\u00f1os de edad fue interceptado por dos unidades y bajado de su veh\u00edculo (taxi) para ser subido a una de estas, en San Agust\u00edn de las Juntas, Oaxaca.&nbsp;<\/p>\n\n\n\n<p>Las evidencias, dijo en su red social de la plataforma X, est\u00e1n en los datos que dos semanas despu\u00e9s de la desaparici\u00f3n consigui\u00f3 y aport\u00f3 el padre de \u00c9rick a la Fiscal\u00eda General del Estado de Oaxaca (FGEO).<\/p>\n\n\n\n<p>Sin embargo, Galv\u00e1n expuso que la FGEO revis\u00f3 el material hasta hace una semana, dejando pr\u00e1cticamente tres meses sin actuar y siguiendo \u00fanicamente una l\u00ednea de investigaci\u00f3n: la de la localizaci\u00f3n del taxi que manejaba \u00c9rick en la comunidad de San Lorenzo Albarradas. Adem\u00e1s, denunci\u00f3 que no se incluy\u00f3 la otra carpeta de investigaci\u00f3n para investigar la posible participaci\u00f3n de un empresario y polic\u00edas de San Agust\u00edn de las Juntas, que dos meses antes lo levantaron y entregaron ilegalmente a un grupo que lo agredi\u00f3 y abandon\u00f3 en el basurero municipal.<\/p>\n\n\n\n<p>De acuerdo con el activista, que acompa\u00f1a a la familia, esto dej\u00f3 fuera otra l\u00ednea importante de investigaci\u00f3n: que \u00c9rick pudo haber sido llevado a otra zona en uno de los veh\u00edculos que lo interceptaron a unas cuadras de su casa aquella noche del 23 de junio.<\/p>\n\n\n\n<p>Ese d\u00eda, el joven hab\u00eda salido tras ser citado por el padre de su novia, G. C. E., quien se opon\u00eda a la relaci\u00f3n. \u00abLos \u00faltimos datos telef\u00f3nicos de \u00c9rick arrojan una ruta hacia la zona mixe de Oaxaca, para ser precisos, en San Juan Juquila Mixes, de donde es originario el pap\u00e1 de su novia, a m\u00e1s de cuatro horas de la capital\u00bb, se\u00f1ala el activista, quien junto con la familia busca llevar el caso ante el Comit\u00e9 de Desaparici\u00f3n Forzada de la Organizaci\u00f3n de las Naciones Unidas (ONU), debido a la posible participaci\u00f3n de autoridades municipales de San Agust\u00edn de las Juntas en la desaparici\u00f3n.<\/p>\n\n\n\n<p>Asimismo, porque temen que el caso sea uno m\u00e1s tratado desde la perspectiva de criminalizaci\u00f3n hacia la v\u00edctima y su familia y por el riesgo a su integridad a ra\u00edz de los datos divulgados sobre el caso.<\/p>\n\n\n\n<p>PRONUNCIAMIENTO EN CONGRESO<\/p>\n\n\n\n<p>Ayer martes se cumplieron tres meses de la desaparici\u00f3n del joven y desde el Congreso local, la diputada Irma Pineda Santiago exhort\u00f3 al fiscal General del Estado de Oaxaca, Bernardo Rodr\u00edguez Alamilla, a ampliar las l\u00edneas de investigaci\u00f3n por la desaparici\u00f3n de \u00c9rick Jair P\u00e9rez Lim\u00f3n.<\/p>\n\n\n\n<p>En tribuna, Pineda lo llam\u00f3 a investigar a las autoridades del municipio de San Agust\u00edn de las Juntas en Oaxaca por el caso de la desaparici\u00f3n forzada, pues meses antes, el joven de 21 a\u00f1os de edad fue agredido por los elemento de esa misma poblaci\u00f3n.<\/p>\n\n\n\n<p>Durante la sesi\u00f3n ordinaria de la 66 Legislatura local, la legisladora explic\u00f3 ante las y los diputados que el pap\u00e1 de la novia, G. C. E., \u00abha sido identificado con presuntas ilegalidades y con la delincuencia organizada en la regi\u00f3n mixe y la de Valles Centrales, lo que ha llevado a la Fiscal\u00eda General del Estado y a la Comisi\u00f3n de B\u00fasqueda del Estado de Oaxaca a seguir el rastro de \u00c9rick en dicha zona\u00bb.&nbsp;<\/p>\n\n\n\n<p>Sin embargo, el probable responsable de la desaparici\u00f3n y originario de San Juan Juquila Mixes, ya no est\u00e1 en el estado de Oaxaca.<\/p>\n\n\n\n<p>\u00abAun con lo anterior, la Fiscal\u00eda General del Estado de Oaxaca ha mantenido una sola l\u00ednea de investigaci\u00f3n, cuando hay elementos m\u00e1s que suficientes para ampliar las mismas, toda vez que el pasado 16 de abril del presente a\u00f1o la v\u00edctima, \u00c9rick Jair P\u00e9rez Lim\u00f3n, present\u00f3 una denuncia contra particulares y polic\u00edas municipales de San Agust\u00edn de las Juntas por lesiones y tentativa de hombre, pues en dicha fecha su familia localiz\u00f3 a este joven inconsciente y con evidentes signos de golpes y tortura en el basurero municipal de San Agust\u00edn de las Juntas\u00bb, expuso.<\/p>\n\n\n\n<p>Esta denuncia contra los polic\u00edas de San Agust\u00edn es parte de la carpeta de investigaci\u00f3n 10978\/FVCE\/Oaxaca\/2025.<\/p>\n","protected":false},"excerpt":{"rendered":"<p>Lisbeth Mej\u00eda Reyes\/Zona Roja. Oaxaca, Oax., a 24 de septiembre de 2025.- Al cumplirse tres&hellip;<\/p>\n","protected":false},"author":2,"featured_media":85007,"comment_status":"closed","ping_status":"open","sticky":false,"template":"","format":"standard","meta":{"_lmt_disableupdate":"","_lmt_disable":"","_jetpack_memberships_contains_paid_content":false,"footnotes":""},"categories":[109,47],"tags":[4465],"class_list":["post-85002","post","type-post","status-publish","format-standard","has-post-thumbnail","hentry","category-minuto-a-minuto","category-zona-gris","tag-erick-jair-perez-limon"],"jetpack_featured_media_url":"https:\/\/zonaroja.com.mx\/wp-content\/uploads\/2025\/09\/Erick-jair-desaparecido.jpg","jetpack_sharing_enabled":true,"_links":{"self":[{"href":"https:\/\/zonaroja.com.mx\/index.php?rest_route=\/wp\/v2\/posts\/85002","targetHints":{"allow":["GET"]}}],"collection":[{"href":"https:\/\/zonaroja.com.mx\/index.php?rest_route=\/wp\/v2\/posts"}],"about":[{"href":"https:\/\/zonaroja.com.mx\/index.php?rest_route=\/wp\/v2\/types\/post"}],"author":[{"embeddable":true,"href":"https:\/\/zonaroja.com.mx\/index.php?rest_route=\/wp\/v2\/users\/2"}],"replies":[{"embeddable":true,"href":"https:\/\/zonaroja.com.mx\/index.php?rest_route=%2Fwp%2Fv2%2Fcomments&post=85002"}],"version-history":[{"count":1,"href":"https:\/\/zonaroja.com.mx\/index.php?rest_route=\/wp\/v2\/posts\/85002\/revisions"}],"predecessor-version":[{"id":85008,"href":"https:\/\/zonaroja.com.mx\/index.php?rest_route=\/wp\/v2\/posts\/85002\/revisions\/85008"}],"wp:featuredmedia":[{"embeddable":true,"href":"https:\/\/zonaroja.com.mx\/index.php?rest_route=\/wp\/v2\/media\/85007"}],"wp:attachment":[{"href":"https:\/\/zonaroja.com.mx\/index.php?rest_route=%2Fwp%2Fv2%2Fmedia&parent=85002"}],"wp:term":[{"taxonomy":"category","embeddable":true,"href":"https:\/\/zonaroja.com.mx\/index.php?rest_route=%2Fwp%2Fv2%2Fcategories&post=85002"},{"taxonomy":"post_tag","embeddable":true,"href":"https:\/\/zonaroja.com.mx\/index.php?rest_route=%2Fwp%2Fv2%2Ftags&post=85002"}],"curies":[{"name":"wp","href":"https:\/\/api.w.org\/{rel}","templated":true}]}}