{"id":85014,"date":"2025-09-24T12:15:00","date_gmt":"2025-09-24T18:15:00","guid":{"rendered":"https:\/\/zonaroja.com.mx\/?p=85014"},"modified":"2025-09-24T08:10:08","modified_gmt":"2025-09-24T14:10:08","slug":"opinion-el-humanismo-tropical-oaxaqueno","status":"publish","type":"post","link":"https:\/\/zonaroja.com.mx\/?p=85014","title":{"rendered":"Opini\u00f3n. El humanismo tropical oaxaque\u00f1o"},"content":{"rendered":"\n<p>N\u00e9stor Y. S\u00e1nchez Islas<\/p>\n\n\n\n<p>Dice la nota de Andr\u00e9s Carrera Pineda publicada el s\u00e1bado pasado en EL IMPARCIAL que do\u00f1a Sheinbaum declar\u00f3 a Oaxaca como la cuna del humanismo mexicano, que est\u00e1 orgullosa del momento hist\u00f3rico que vivimos y que seguir\u00e1 gobernando bajo los principios de su movimiento, lo que deber\u00edamos tomar como advertencia ante el derrumbe de la supuesta moralidad de la 4T.<\/p>\n\n\n\n<p>Si hablamos de una conducta \u00e9tica y de un alto nivel intelectual y cultural, efectivamente, estamos hablando del humanismo que reconoce la dignidad y el valor del individuo, as\u00ed como su capacidad para razonar y transformar su entorno. Visto esto, es dif\u00edcil si no imposible, creer que el&nbsp;morenismo&nbsp;pueda autodenominarse humanismo.<\/p>\n\n\n\n<p>Y no, no fue entre las culturas mesoamericanas en las que naci\u00f3 este modo de pensamiento y conducta. Para hablar de humanismo tenemos que irnos a la Grecia cl\u00e1sica y Roma y tomar como referentes a fil\u00f3sofos como Plat\u00f3n, S\u00f3crates o Arist\u00f3teles.&nbsp;Y de ah\u00ed para ac\u00e1, tenemos en siglos recientes al humanismo ilustrado que nos condujo al actual humanismo moderno y contempor\u00e1neo.<\/p>\n\n\n\n<p>En este mundo globalizado y tecnol\u00f3gico, los valores humanistas son necesarios como contrapeso al capitalismo salvaje. Gracias a las corrientes humanistas de occidente tenemos los Derechos Humanos, los movimientos ecologistas, el reconocimiento a la diversidad y la tolerancia y una educaci\u00f3n que se preocupa en desarrollar el pensamiento cr\u00edtico y no solo servir como instrumento de adoctrinamiento, como lo es la mal llamada moderna escuela mexicana. El humanismo es la recuperaci\u00f3n de la herencia cl\u00e1sica para resaltar el valor del hombre. En el fondo, el humanismo es un pensamiento profundamente individualista.<\/p>\n\n\n\n<p>Visto esto y con los \u00e1nimos socializantes y colectivistas del r\u00e9gimen en el poder, \u00bfQu\u00e9 tiene de cierto el humanismo mexicano? Debe tener de cierto lo mismo que el tercermundismo del&nbsp;echeverrismo&nbsp;o la moralidad de Jos\u00e9 L\u00f3pez Portillo. Expertos como lo son para manipular el sentido y significado de las palabras en donde le llaman democracia a la dictadura o liberaci\u00f3n a los reg\u00edmenes totalitarios, no extra\u00f1a que, desde sus definiciones, el humanismo sea una mezcla a conveniencia de buenas intenciones para enga\u00f1ar al respetable&nbsp;a trav\u00e9s de la mezcla de la herencia cristiana tra\u00edda por los espa\u00f1oles, el pensamiento liberal ilustrado y el indigenismo que sirve muy bien para legitimar su permanencia en el poder en nombre de los pobres.<\/p>\n\n\n\n<p>A diferencia de Europa, que exalta al individuo racional, los humanistas mexicanos tratan de conciliar la dignidad individual con el sentido comunitario de los ind\u00edgenas en donde la raz\u00f3n y la ley se sustituyen por los odios, venganzas, manipulaci\u00f3n en asambleas y sus retardatarios usos y costumbres que justifican toda clase de excesos.<\/p>\n\n\n\n<p>Es cierto que existe un mestizaje cultural&nbsp;que&nbsp;integra valores occidentales con las tradiciones ind\u00edgenas y, en este caso, Oaxaca es ejemplo de ello porque, aunque no lo quieran los radicales de la 4T, mucha de la gastronom\u00eda y cultura oaxaque\u00f1a es producto de los espa\u00f1ol con lo ind\u00edgena.<\/p>\n\n\n\n<p>Queriendo valorar al individuo solo cuando forma parte de la comunidad, la 4T ha atacado todo aquello que viene desde la sociedad civil, ignora la invocaci\u00f3n de Jos\u00e9 Vasconcelos por una raza c\u00f3smica y un humanismo iberoamericano&nbsp;y lo cambia&nbsp;por un indigenismo de apariencia que nada aporta y nada resuelve&nbsp;porque&nbsp;no arreglar\u00e1n ni la pobreza, ni la desigualdad ni su propia corrupci\u00f3n.<\/p>\n\n\n\n<p>No tienen verg\u00fcenza en dar un uso pol\u00edtico a esta corriente del pensamiento. El humanismo&nbsp;tropicalizado&nbsp;solo es una ret\u00f3rica legitimadora porque no tiene una respuesta a la falta de medicamentos en hospitales, a la falta de tratamientos para los ni\u00f1os con c\u00e1ncer, a la falta de vacunas, a la reparaci\u00f3n de la infraestructura del pa\u00eds, al combate a la corrupci\u00f3n, el huachicol o la delincuencia en general a la que le entregaron casi todo el pa\u00eds.<\/p>\n\n\n\n<p>El grado de humanismo no lo otorgan los $3100 que el gobierno regala&nbsp;de nuestros impuestos porque esa cantidad no repone a una familia de una enfermedad, de un accidente o de la reparaci\u00f3n del&nbsp;auto de un trabajador que lo usa como herramienta&nbsp;laboral.<\/p>\n\n\n\n<p>El humanismo tampoco se alcanza mezcl\u00e1ndolo con un indigenismo&nbsp;superficial&nbsp;aplicado&nbsp;por un gobierno federal en donde abunda los apellidos extranjeros. Mucho menos se alcanzar\u00e1 recortando los recursos a las universidades y la investigaci\u00f3n cient\u00edfica&nbsp;para&nbsp;seguir despilfarr\u00e1ndolo en Pemex, la refiner\u00eda de 2 bocas, el tren maya o el ferrocarril&nbsp;trans\u00edstmico.<\/p>\n\n\n\n<p>Se\u00f1alar a Oaxaca como la cuna del humanismo mexicano no es un halago, es una burla&nbsp;por&nbsp;las condiciones de desigualdad y pobreza&nbsp;que se aqu\u00ed se padecen y contrastan con la opulencia del estilo de vida de los nuevos ricos en el poder&nbsp;surgidos del nuevo r\u00e9gimen.<\/p>\n\n\n\n<p><a href=\"mailto:nestoryuri@yahoo.com\">nestoryuri@yahoo.com<\/a><\/p>\n","protected":false},"excerpt":{"rendered":"<p>N\u00e9stor Y. S\u00e1nchez Islas Dice la nota de Andr\u00e9s Carrera Pineda publicada el s\u00e1bado pasado&hellip;<\/p>\n","protected":false},"author":2,"featured_media":67897,"comment_status":"closed","ping_status":"open","sticky":false,"template":"","format":"standard","meta":{"_lmt_disableupdate":"","_lmt_disable":"","_jetpack_memberships_contains_paid_content":false,"footnotes":""},"categories":[456,109],"tags":[3050],"class_list":["post-85014","post","type-post","status-publish","format-standard","has-post-thumbnail","hentry","category-columna","category-minuto-a-minuto","tag-nestor-yuri-sanchez"],"jetpack_featured_media_url":"https:\/\/zonaroja.com.mx\/wp-content\/uploads\/2024\/05\/Opinion-Nestor-Yuri-Sanchez.jpeg","jetpack_sharing_enabled":true,"_links":{"self":[{"href":"https:\/\/zonaroja.com.mx\/index.php?rest_route=\/wp\/v2\/posts\/85014","targetHints":{"allow":["GET"]}}],"collection":[{"href":"https:\/\/zonaroja.com.mx\/index.php?rest_route=\/wp\/v2\/posts"}],"about":[{"href":"https:\/\/zonaroja.com.mx\/index.php?rest_route=\/wp\/v2\/types\/post"}],"author":[{"embeddable":true,"href":"https:\/\/zonaroja.com.mx\/index.php?rest_route=\/wp\/v2\/users\/2"}],"replies":[{"embeddable":true,"href":"https:\/\/zonaroja.com.mx\/index.php?rest_route=%2Fwp%2Fv2%2Fcomments&post=85014"}],"version-history":[{"count":1,"href":"https:\/\/zonaroja.com.mx\/index.php?rest_route=\/wp\/v2\/posts\/85014\/revisions"}],"predecessor-version":[{"id":85015,"href":"https:\/\/zonaroja.com.mx\/index.php?rest_route=\/wp\/v2\/posts\/85014\/revisions\/85015"}],"wp:featuredmedia":[{"embeddable":true,"href":"https:\/\/zonaroja.com.mx\/index.php?rest_route=\/wp\/v2\/media\/67897"}],"wp:attachment":[{"href":"https:\/\/zonaroja.com.mx\/index.php?rest_route=%2Fwp%2Fv2%2Fmedia&parent=85014"}],"wp:term":[{"taxonomy":"category","embeddable":true,"href":"https:\/\/zonaroja.com.mx\/index.php?rest_route=%2Fwp%2Fv2%2Fcategories&post=85014"},{"taxonomy":"post_tag","embeddable":true,"href":"https:\/\/zonaroja.com.mx\/index.php?rest_route=%2Fwp%2Fv2%2Ftags&post=85014"}],"curies":[{"name":"wp","href":"https:\/\/api.w.org\/{rel}","templated":true}]}}