{"id":85018,"date":"2025-09-24T11:22:00","date_gmt":"2025-09-24T17:22:00","guid":{"rendered":"https:\/\/zonaroja.com.mx\/?p=85018"},"modified":"2025-09-24T08:26:16","modified_gmt":"2025-09-24T14:26:16","slug":"detienen-y-vinculan-a-proceso-a-dos-vendedores-de-droga-en-xoxocotlan","status":"publish","type":"post","link":"https:\/\/zonaroja.com.mx\/?p=85018","title":{"rendered":"Detienen y vinculan a proceso a dos vendedores de droga en Xoxocotl\u00e1n"},"content":{"rendered":"\n<p>Redacci\u00f3n\/Zona Roja.&nbsp;<\/p>\n\n\n\n<p>Oaxaca, Oax., a 24 de septiembre de 2025.- La Fiscal\u00eda General del Estado de Oaxaca (FGEO) obtuvo auto de vinculaci\u00f3n a proceso y prisi\u00f3n en contra de dos personas del sexo masculino identificados como A.J.C.C. y C.E.L.G., por el delito contra la salud en su modalidad de narcomenudeo en su hip\u00f3tesis de suministro cometido en agravio de la sociedad en la regi\u00f3n de los Valles Centrales.<\/p>\n\n\n\n<p>De acuerdo con el expediente penal del caso, A.J.C.C. y C.E.L.G., fueron detenidos el 4 de septiembre de 2025, en inmediaciones de la colonia An\u00e1huac en Santa Cruz Xoxocotl\u00e1n, por elementos de la polic\u00eda municipal en coordinaci\u00f3n con la Agencia Estatal de Investigaciones (AEI) tras sorprenderlos distribuyendo droga.<\/p>\n\n\n\n<p>Por estos hechos, ambas personas fueron aprehendidas y trasladadas ante las autoridades ministeriales adscritas a la Vicefiscal\u00eda Regional de Valles Centrales para iniciar las indagatorias correspondientes.<\/p>\n\n\n\n<p>Una vez hecha la investigaci\u00f3n, la FGEO present\u00f3 los datos de prueba al Juez que atiende la causa y al evaluarlos, dict\u00f3 vinculaci\u00f3n a proceso contra A.J.C.C. y C.E.L.G., por el delito contra la salud en su modalidad de narcomenudeo en su hip\u00f3tesis de suministro, adem\u00e1s de imponerles la medida cautelar de prisi\u00f3n preventiva de manera definitiva.<\/p>\n\n\n\n<p>OTRO VINCULADO A PROCESO<\/p>\n\n\n\n<p>En otro caso, la Fiscal\u00eda General obtuvo prisi\u00f3n preventiva y auto de vinculaci\u00f3n a proceso en contra de una persona del sexo masculino identificado como E.G.G., imputado por el delito de violencia vicaria, en agravio de su esposa e hija, hechos cometidos en la regi\u00f3n de la Costa.<\/p>\n\n\n\n<p>De acuerdo con la carpeta de investigaci\u00f3n, los hechos ocurrieron el 10 de septiembre de 2025, fecha en que la menor de edad -cuya identidad est\u00e1 reservada por ley-, fue sustra\u00edda por la fuerza por el imputado (su padre) cuando se encontraba con su abuela, en calles de la localidad de Yoguina en San Francisco Cozoaltepec, perteneciente al municipio de Santa Mar\u00eda Tonameca.<\/p>\n\n\n\n<p>La investigaci\u00f3n detalla que, tras solicitar auxilio, la v\u00edctima fue recuperada con apoyo de la polic\u00eda municipal, justo cuando el imputado se dirig\u00eda a su domicilio ubicado en privada 20 de Mayo del barrio El Fais\u00e1n de San Francisco Cozoaltepec, por lo que E.G.G., fue detenido y puesto a disposici\u00f3n de la Vicefiscal\u00eda Regional de la Costa para su debido proceso legal.<\/p>\n\n\n\n<p>El expediente penal revela tambi\u00e9n que tanto la madre como la hija sufr\u00edan violencia y maltrato psicol\u00f3gico e incluso al principio el hoy imputado se negaba a reconocer a la menor como su hija.<\/p>\n\n\n\n<p>Una vez que la FGEO tom\u00f3 conocimiento del caso, inici\u00f3 las investigaciones bajo el protocolo con perspectiva de g\u00e9nero a trav\u00e9s de la Vicefiscal\u00eda Regional de la Costa, la cual, despu\u00e9s de realizar las primeras indagatorias, logr\u00f3 llevar ante el juez al hoy imputado para determinar su situaci\u00f3n legal.<\/p>\n\n\n\n<p>Tras el desahogo de pruebas aportadas por la FGEO, el Juez de la causa dict\u00f3 vinculaci\u00f3n a proceso en contra de E.G.G., por el delito de violencia vicaria, adem\u00e1s de imponer la medida cautelar de prisi\u00f3n preventiva justificada otorgando el plazo de tres meses para el cierre de la investigaci\u00f3n complementaria.<\/p>\n","protected":false},"excerpt":{"rendered":"<p>Redacci\u00f3n\/Zona Roja.&nbsp; Oaxaca, Oax., a 24 de septiembre de 2025.- La Fiscal\u00eda General del Estado&hellip;<\/p>\n","protected":false},"author":2,"featured_media":85019,"comment_status":"closed","ping_status":"open","sticky":false,"template":"","format":"standard","meta":{"_lmt_disableupdate":"","_lmt_disable":"","_jetpack_memberships_contains_paid_content":false,"footnotes":""},"categories":[109,46],"tags":[],"class_list":["post-85018","post","type-post","status-publish","format-standard","has-post-thumbnail","hentry","category-minuto-a-minuto","category-zona-blanca"],"jetpack_featured_media_url":"https:\/\/zonaroja.com.mx\/wp-content\/uploads\/2025\/09\/Distribuidores-de-droga-Xoxocotlan-Fiscalia.jpg","jetpack_sharing_enabled":true,"_links":{"self":[{"href":"https:\/\/zonaroja.com.mx\/index.php?rest_route=\/wp\/v2\/posts\/85018","targetHints":{"allow":["GET"]}}],"collection":[{"href":"https:\/\/zonaroja.com.mx\/index.php?rest_route=\/wp\/v2\/posts"}],"about":[{"href":"https:\/\/zonaroja.com.mx\/index.php?rest_route=\/wp\/v2\/types\/post"}],"author":[{"embeddable":true,"href":"https:\/\/zonaroja.com.mx\/index.php?rest_route=\/wp\/v2\/users\/2"}],"replies":[{"embeddable":true,"href":"https:\/\/zonaroja.com.mx\/index.php?rest_route=%2Fwp%2Fv2%2Fcomments&post=85018"}],"version-history":[{"count":1,"href":"https:\/\/zonaroja.com.mx\/index.php?rest_route=\/wp\/v2\/posts\/85018\/revisions"}],"predecessor-version":[{"id":85020,"href":"https:\/\/zonaroja.com.mx\/index.php?rest_route=\/wp\/v2\/posts\/85018\/revisions\/85020"}],"wp:featuredmedia":[{"embeddable":true,"href":"https:\/\/zonaroja.com.mx\/index.php?rest_route=\/wp\/v2\/media\/85019"}],"wp:attachment":[{"href":"https:\/\/zonaroja.com.mx\/index.php?rest_route=%2Fwp%2Fv2%2Fmedia&parent=85018"}],"wp:term":[{"taxonomy":"category","embeddable":true,"href":"https:\/\/zonaroja.com.mx\/index.php?rest_route=%2Fwp%2Fv2%2Fcategories&post=85018"},{"taxonomy":"post_tag","embeddable":true,"href":"https:\/\/zonaroja.com.mx\/index.php?rest_route=%2Fwp%2Fv2%2Ftags&post=85018"}],"curies":[{"name":"wp","href":"https:\/\/api.w.org\/{rel}","templated":true}]}}