{"id":8502,"date":"2020-02-06T21:21:28","date_gmt":"2020-02-07T03:21:28","guid":{"rendered":"http:\/\/www.zonaroja.com.mx\/?p=8502"},"modified":"2020-02-06T21:21:31","modified_gmt":"2020-02-07T03:21:31","slug":"rechazan-en-oaxaca-propuesta-nacional-de-eliminar-el-delito-de-feminicidio","status":"publish","type":"post","link":"https:\/\/zonaroja.com.mx\/?p=8502","title":{"rendered":"Rechazan en Oaxaca propuesta nacional de eliminar el delito de feminicidio"},"content":{"rendered":"\n<p>Evlin\nArag\u00f3n\/Zona Roja.<\/p>\n\n\n\n<p>Oaxaca\nde Ju\u00e1rez, Oax., 6 de febrero de 2020.- Integrantes de Consorcio Oaxaca se\nunieron al pronunciamiento del Observatorio Ciudadano Nacional del Feminicidio\n(OCNF), que califica como grave retroceso la intenci\u00f3n del fiscal General de la\nRep\u00fablica, Alejandro Gertz Manero, de eliminar el tipo penal de feminicidio\npara redefinirlo como agravante del homicidio, en el marco de la iniciativa de\ncreaci\u00f3n de un C\u00f3digo Penal \u00danico en M\u00e9xico.&nbsp;\n<\/p>\n\n\n\n<p>Lamentaron\nla postura del funcionario federal que evidencia la falta de sensibilidad, la\nausencia de perspectiva de g\u00e9nero y deja claro c\u00f3mo la grave problem\u00e1tica que\nacaba cada d\u00eda con la vida de 10 mujeres en M\u00e9xico, no es una prioridad para el\ngobierno de Andr\u00e9s Manuel L\u00f3pez Obrador.<\/p>\n\n\n\n<p>De\nacuerdo con las activistas, es evidente la necesidad urgente de una voluntad\npol\u00edtica para arrancar el delito de feminicidio de ra\u00edz, ya que en Oaxaca ha\nterminado con la vida de m\u00e1s de 400 mujeres en lo que va de la administraci\u00f3n\nde Alejandro Murat Hinojosa, 19 en lo que va del 2020, pese a la declaratoria\nde Alerta de Violencia de G\u00e9nero en 40 municipios de la entidad.<\/p>\n\n\n\n<p>\u201cLa\nlamentable postura de Gertz Manero, evidencia la falta de sensibilidad, la ausencia\nde perspectiva de g\u00e9nero y c\u00f3mo la grave problem\u00e1tica que acaba cada d\u00eda con la\nvida de 10 mujeres en M\u00e9xico no es una prioridad para las autoridades\u201d,\npublicaron en sus redes sociales.<\/p>\n\n\n\n<p>En\nun comunicado de prensa, el Observatorio Ciudadano Nacional del Feminicidio\npuntualiz\u00f3 que el reconocimiento y tipificaci\u00f3n del delito de feminicidio es\nresultado de la lucha de mujeres, madres y familiares de v\u00edctimas de\nfeminicidio, acad\u00e9micas feministas y defensoras de derechos humanos que\nvisibilizaron la problem\u00e1tica desde los a\u00f1os 90 en Ciudad Ju\u00e1rez y\nposteriormente en todo el pa\u00eds.<\/p>\n\n\n\n<p>\u201cLa\ntipificaci\u00f3n responde a las deficiencias en las investigaciones de las muertes\nviolentas de mujeres que las dejan en impunidad, y a la invisibilizaci\u00f3n de\nviolencias que hoy se traducen en las razones de g\u00e9nero del tipo penal que no\nson consideradas con el tipo penal de homicidio\u201d, explicaron en un comunicado\nde prensa.<\/p>\n\n\n\n<p>Lejos\nde aceptar la propuesta del fiscal de la Rep\u00fablica, advirtieron que la soluci\u00f3n\nno es la desaparici\u00f3n del delito, sino que el feminicidio se investigue y\nsancione con perspectiva de g\u00e9nero en todo el pa\u00eds, dando respuestas a las\ncientos de mujeres que reclaman justicia para sus hijas, madres, familiares y\namigas que han sido asesinadas por la violencia machista en M\u00e9xico.<\/p>\n\n\n\n<p>As\u00ed\nmismo, exigieron que se incluya el delito penal de feminicidio de manera\naut\u00f3noma y con razones de g\u00e9nero objetivas en el C\u00f3digo Penal Nacional \u00danico\nque pretenden implementar, con los aportes de la sociedad civil experta en el\ntema, garantizando los est\u00e1ndares internacionales en la materia.<\/p>\n\n\n\n<p>Que\nlas autoridades de procuraci\u00f3n de justicia dejen de invisibilizar la violencia\nfeminicida y el feminicidio, y asuman su responsabilidad para la adecuada\ninvestigaci\u00f3n y sanci\u00f3n del feminicidio, siguiendo los protocolos ya\nestablecidos y cumpliendo con las recomendaciones internacionales y nacionales\npara revertir el contexto de impunidad que a\u00fan persiste en M\u00e9xico.<\/p>\n\n\n\n<p>Finalmente,\nque se investigue y sancione a las y los servidores p\u00fablicos (polic\u00edas de\ninvestigaci\u00f3n, peritos y ministerios p\u00fablicos) encargados de las\ninvestigaciones de feminicidios, que por sus acciones y omisiones han\nobstaculizado el acceso a la justicia para las v\u00edctimas.<\/p>\n","protected":false},"excerpt":{"rendered":"<p>Evlin Arag\u00f3n\/Zona Roja. Oaxaca de Ju\u00e1rez, Oax., 6 de febrero de 2020.- Integrantes de Consorcio&hellip;<\/p>\n","protected":false},"author":2,"featured_media":3251,"comment_status":"closed","ping_status":"open","sticky":false,"template":"","format":"standard","meta":{"_lmt_disableupdate":"","_lmt_disable":"","_jetpack_memberships_contains_paid_content":false,"footnotes":""},"categories":[109,47],"tags":[548,1346],"class_list":["post-8502","post","type-post","status-publish","format-standard","has-post-thumbnail","hentry","category-minuto-a-minuto","category-zona-gris","tag-consorcio-oaxaca","tag-observatorio-ciudadano-nacional-del-feminicidio-ocnf"],"jetpack_featured_media_url":"https:\/\/zonaroja.com.mx\/wp-content\/uploads\/2019\/08\/Femincidio-5.png","jetpack_sharing_enabled":true,"_links":{"self":[{"href":"https:\/\/zonaroja.com.mx\/index.php?rest_route=\/wp\/v2\/posts\/8502","targetHints":{"allow":["GET"]}}],"collection":[{"href":"https:\/\/zonaroja.com.mx\/index.php?rest_route=\/wp\/v2\/posts"}],"about":[{"href":"https:\/\/zonaroja.com.mx\/index.php?rest_route=\/wp\/v2\/types\/post"}],"author":[{"embeddable":true,"href":"https:\/\/zonaroja.com.mx\/index.php?rest_route=\/wp\/v2\/users\/2"}],"replies":[{"embeddable":true,"href":"https:\/\/zonaroja.com.mx\/index.php?rest_route=%2Fwp%2Fv2%2Fcomments&post=8502"}],"version-history":[{"count":1,"href":"https:\/\/zonaroja.com.mx\/index.php?rest_route=\/wp\/v2\/posts\/8502\/revisions"}],"predecessor-version":[{"id":8503,"href":"https:\/\/zonaroja.com.mx\/index.php?rest_route=\/wp\/v2\/posts\/8502\/revisions\/8503"}],"wp:featuredmedia":[{"embeddable":true,"href":"https:\/\/zonaroja.com.mx\/index.php?rest_route=\/wp\/v2\/media\/3251"}],"wp:attachment":[{"href":"https:\/\/zonaroja.com.mx\/index.php?rest_route=%2Fwp%2Fv2%2Fmedia&parent=8502"}],"wp:term":[{"taxonomy":"category","embeddable":true,"href":"https:\/\/zonaroja.com.mx\/index.php?rest_route=%2Fwp%2Fv2%2Fcategories&post=8502"},{"taxonomy":"post_tag","embeddable":true,"href":"https:\/\/zonaroja.com.mx\/index.php?rest_route=%2Fwp%2Fv2%2Ftags&post=8502"}],"curies":[{"name":"wp","href":"https:\/\/api.w.org\/{rel}","templated":true}]}}