{"id":85021,"date":"2025-09-24T12:26:00","date_gmt":"2025-09-24T18:26:00","guid":{"rendered":"https:\/\/zonaroja.com.mx\/?p=85021"},"modified":"2025-09-24T08:27:14","modified_gmt":"2025-09-24T14:27:14","slug":"secretaria-del-medio-ambiente-de-oaxaca-excluye-a-ong-de-limpieza-de-rios","status":"publish","type":"post","link":"https:\/\/zonaroja.com.mx\/?p=85021","title":{"rendered":"Secretar\u00eda del Medio Ambiente de Oaxaca excluye a ONG de limpieza de r\u00edos"},"content":{"rendered":"\n<p>Redacci\u00f3n\/Zona Roja.<\/p>\n\n\n\n<p>Oaxaca, Oax., a 24 de septiembre de 2025.- La Secretar\u00eda del Medio Ambiente, Energ\u00edas y Desarrollo Sustentable de Oaxaca, encabezada por Karina Unda Harp, celebr\u00f3 este lunes la Segunda Sesi\u00f3n Ordinaria de la Comisi\u00f3n para el Saneamiento de los R\u00edos Atoyac y Salado, instancia creada en cumplimiento \u2014todav\u00eda pendiente\u2014 de la sentencia del juicio de amparo 621\/2016, dictada por la entonces jueza federal Elizabeth Franco.<\/p>\n\n\n\n<p>La sesi\u00f3n, sin embargo, estuvo marcada por una exclusi\u00f3n significativa: Litigio Estrat\u00e9gico Ind\u00edgena A.C., la organizaci\u00f3n que promovi\u00f3 dicho amparo hist\u00f3rico y coloc\u00f3 en la agenda p\u00fablica el rescate de los r\u00edos, no fue convocada a participar.<\/p>\n\n\n\n<p>Carlos Morales S\u00e1nchez, presidente de la asociaci\u00f3n, se\u00f1al\u00f3 que esta decisi\u00f3n contraviene el Acuerdo de Escaz\u00fa, el cual obliga a garantizar la participaci\u00f3n ciudadana en los asuntos ambientales:<\/p>\n\n\n\n<p>\u201cLa Secretar\u00eda no nos ha invitado a ninguna de las reuniones ni actos de la Comisi\u00f3n. Nos han dejado fuera, pese a que fue Litigio Estrat\u00e9gico Ind\u00edgena quien promovi\u00f3 el juicio que dio origen a esta hist\u00f3rica sentencia\u201d, declar\u00f3.<\/p>\n\n\n\n<p>La paradoja es clara: una Comisi\u00f3n que busca responder a la crisis ambiental y social de los Valles Centrales se re\u00fane sin la voz de quienes abrieron el camino jur\u00eddico para exigir su saneamiento.<\/p>\n\n\n\n<p>Mientras los r\u00edos Atoyac y Salado contin\u00faan esperando acciones efectivas para recuperar su caudal y dignidad, la exclusi\u00f3n de la ciudadan\u00eda y de los litigantes que iniciaron esta lucha pone en duda la legitimidad de los esfuerzos institucionales.<\/p>\n","protected":false},"excerpt":{"rendered":"<p>Redacci\u00f3n\/Zona Roja. Oaxaca, Oax., a 24 de septiembre de 2025.- La Secretar\u00eda del Medio Ambiente,&hellip;<\/p>\n","protected":false},"author":2,"featured_media":85022,"comment_status":"closed","ping_status":"open","sticky":false,"template":"","format":"standard","meta":{"_lmt_disableupdate":"","_lmt_disable":"","_jetpack_memberships_contains_paid_content":false,"footnotes":""},"categories":[109,47],"tags":[3436],"class_list":["post-85021","post","type-post","status-publish","format-standard","has-post-thumbnail","hentry","category-minuto-a-minuto","category-zona-gris","tag-litigio-estrategico-a-c"],"jetpack_featured_media_url":"https:\/\/zonaroja.com.mx\/wp-content\/uploads\/2025\/09\/Firma-Salomon-Jara-convenio-con-ayuntamientos-para-interconectar-plantas-de-aguas-residuales-y-sanear-rios-Atoyac-4.jpeg","jetpack_sharing_enabled":true,"_links":{"self":[{"href":"https:\/\/zonaroja.com.mx\/index.php?rest_route=\/wp\/v2\/posts\/85021","targetHints":{"allow":["GET"]}}],"collection":[{"href":"https:\/\/zonaroja.com.mx\/index.php?rest_route=\/wp\/v2\/posts"}],"about":[{"href":"https:\/\/zonaroja.com.mx\/index.php?rest_route=\/wp\/v2\/types\/post"}],"author":[{"embeddable":true,"href":"https:\/\/zonaroja.com.mx\/index.php?rest_route=\/wp\/v2\/users\/2"}],"replies":[{"embeddable":true,"href":"https:\/\/zonaroja.com.mx\/index.php?rest_route=%2Fwp%2Fv2%2Fcomments&post=85021"}],"version-history":[{"count":1,"href":"https:\/\/zonaroja.com.mx\/index.php?rest_route=\/wp\/v2\/posts\/85021\/revisions"}],"predecessor-version":[{"id":85023,"href":"https:\/\/zonaroja.com.mx\/index.php?rest_route=\/wp\/v2\/posts\/85021\/revisions\/85023"}],"wp:featuredmedia":[{"embeddable":true,"href":"https:\/\/zonaroja.com.mx\/index.php?rest_route=\/wp\/v2\/media\/85022"}],"wp:attachment":[{"href":"https:\/\/zonaroja.com.mx\/index.php?rest_route=%2Fwp%2Fv2%2Fmedia&parent=85021"}],"wp:term":[{"taxonomy":"category","embeddable":true,"href":"https:\/\/zonaroja.com.mx\/index.php?rest_route=%2Fwp%2Fv2%2Fcategories&post=85021"},{"taxonomy":"post_tag","embeddable":true,"href":"https:\/\/zonaroja.com.mx\/index.php?rest_route=%2Fwp%2Fv2%2Ftags&post=85021"}],"curies":[{"name":"wp","href":"https:\/\/api.w.org\/{rel}","templated":true}]}}