{"id":85024,"date":"2025-09-24T09:38:41","date_gmt":"2025-09-24T15:38:41","guid":{"rendered":"https:\/\/zonaroja.com.mx\/?p=85024"},"modified":"2025-09-25T06:35:46","modified_gmt":"2025-09-25T12:35:46","slug":"detiene-fiscalia-a-dos-presuntos-feminicidas-de-una-mujer-de-jalapa-del-marques","status":"publish","type":"post","link":"https:\/\/zonaroja.com.mx\/?p=85024","title":{"rendered":"Detiene Fiscal\u00eda a dos presuntos feminicidas de una mujer de Jalapa del Marqu\u00e9s"},"content":{"rendered":"\n<p>Raymundo Morales\/Zona Roja.<\/p>\n\n\n\n<p>Oaxaca, Oax., a 24 de septiembre de 2025.- La Fiscal\u00eda General del Estado de Oaxaca detuvo a dos personas que habr\u00edan asesinado a una mujer en Jalapa del Marqu\u00e9s.<\/p>\n\n\n\n<p>Se trata de de J.A.R.S., alias \u201cRicoy\u201d y S.Z.M., alias \u201cZamora\u201d, quienes seg\u00fan las primeras indagatorias ultimaron a balazos a una mujer adulta en dicho municipio de la regi\u00f3n del Istmo de Tehuantepec.\u00a0<\/p>\n\n\n\n<p>En un comunicado, la instituci\u00f3n inform\u00f3 que, como resultado de los trabajos derivados de la activaci\u00f3n del Protocolo de Actuaci\u00f3n Ministerial, Pericial y Policial en el Delito de Feminicidio, se logr\u00f3 la captura de ambos individuos.<\/p>\n\n\n\n<p>Los hechos ocurrieron el 19 de agosto de 2025, cuando la v\u00edctima -una mujer identificada por las iniciales I.Q.M.- caminaba sobre la calle Tercera Norte del Barrio Ju\u00e1rez, perteneciente al municipio de Jalapa del Marqu\u00e9s.<\/p>\n\n\n\n<p>De pronto, fue interceptada por dos personas que viajaban a bordo de una motocicleta, quienes la agredieron con disparos de arma de fuego, dej\u00e1ndola lesionada en el lugar, donde fue auxiliada y trasladada a un hospital donde perdi\u00f3 la vida a consecuencia de este ataque.<\/p>\n\n\n\n<p>Cuando la Fiscal\u00eda de Oaxaca tom\u00f3 conocimiento de los hechos, se iniciaron las investigaciones con perspectiva de g\u00e9nero, bajo la coordinaci\u00f3n de la Vicefiscal\u00eda Regional del Istmo, actuaci\u00f3n inmediata que permiti\u00f3 obtener las \u00f3rdenes de aprehensi\u00f3n contra los probables autores materiales.<\/p>\n\n\n\n<p>Luego de implementar un operativo, elementos de la Agencia Estatal de Investigaciones (AEI) dieron con el paradero de J.A.R.S., alias \u201cRicoy\u201d y S.Z.M., alias \u201cZamora\u201d, quienes fueron detenidos la ma\u00f1ana de este 24 de septiembre de 2025, por lo que quedaron a disposici\u00f3n de la autoridad ministerial correspondiente.<\/p>\n\n\n\n<p>La Fiscal\u00eda de Oaxaca inform\u00f3 que realiza trabajos efectivos en la investigaci\u00f3n e impartici\u00f3n de justicia respecto a delitos contra la mujer por raz\u00f3n de g\u00e9nero, para castigar y erradicar este tipo de conductas que amenazan los derechos a una vida libre de violencia.<\/p>\n","protected":false},"excerpt":{"rendered":"<p>Raymundo Morales\/Zona Roja. Oaxaca, Oax., a 24 de septiembre de 2025.- La Fiscal\u00eda General del&hellip;<\/p>\n","protected":false},"author":2,"featured_media":85025,"comment_status":"closed","ping_status":"open","sticky":false,"template":"","format":"standard","meta":{"_lmt_disableupdate":"","_lmt_disable":"","_jetpack_memberships_contains_paid_content":false,"footnotes":""},"categories":[109,46],"tags":[494],"class_list":["post-85024","post","type-post","status-publish","format-standard","has-post-thumbnail","hentry","category-minuto-a-minuto","category-zona-blanca","tag-fiscalia-general-del-estado-de-oaxaca"],"jetpack_featured_media_url":"https:\/\/zonaroja.com.mx\/wp-content\/uploads\/2025\/09\/Feminicidas-mujer-Jalapa-del-Marques.jpg","jetpack_sharing_enabled":true,"_links":{"self":[{"href":"https:\/\/zonaroja.com.mx\/index.php?rest_route=\/wp\/v2\/posts\/85024","targetHints":{"allow":["GET"]}}],"collection":[{"href":"https:\/\/zonaroja.com.mx\/index.php?rest_route=\/wp\/v2\/posts"}],"about":[{"href":"https:\/\/zonaroja.com.mx\/index.php?rest_route=\/wp\/v2\/types\/post"}],"author":[{"embeddable":true,"href":"https:\/\/zonaroja.com.mx\/index.php?rest_route=\/wp\/v2\/users\/2"}],"replies":[{"embeddable":true,"href":"https:\/\/zonaroja.com.mx\/index.php?rest_route=%2Fwp%2Fv2%2Fcomments&post=85024"}],"version-history":[{"count":2,"href":"https:\/\/zonaroja.com.mx\/index.php?rest_route=\/wp\/v2\/posts\/85024\/revisions"}],"predecessor-version":[{"id":85043,"href":"https:\/\/zonaroja.com.mx\/index.php?rest_route=\/wp\/v2\/posts\/85024\/revisions\/85043"}],"wp:featuredmedia":[{"embeddable":true,"href":"https:\/\/zonaroja.com.mx\/index.php?rest_route=\/wp\/v2\/media\/85025"}],"wp:attachment":[{"href":"https:\/\/zonaroja.com.mx\/index.php?rest_route=%2Fwp%2Fv2%2Fmedia&parent=85024"}],"wp:term":[{"taxonomy":"category","embeddable":true,"href":"https:\/\/zonaroja.com.mx\/index.php?rest_route=%2Fwp%2Fv2%2Fcategories&post=85024"},{"taxonomy":"post_tag","embeddable":true,"href":"https:\/\/zonaroja.com.mx\/index.php?rest_route=%2Fwp%2Fv2%2Ftags&post=85024"}],"curies":[{"name":"wp","href":"https:\/\/api.w.org\/{rel}","templated":true}]}}