{"id":85030,"date":"2025-09-24T20:27:52","date_gmt":"2025-09-25T02:27:52","guid":{"rendered":"https:\/\/zonaroja.com.mx\/?p=85030"},"modified":"2025-09-24T20:27:55","modified_gmt":"2025-09-25T02:27:55","slug":"en-universidad-de-oaxaca-un-hombre-ocupa-direccion-para-mujeres","status":"publish","type":"post","link":"https:\/\/zonaroja.com.mx\/?p=85030","title":{"rendered":"En universidad de Oaxaca, un hombre ocupa direcci\u00f3n para mujeres\u00a0"},"content":{"rendered":"\n<p>Lisbeth Mej\u00eda Reyes\/Zona Roja.<\/p>\n\n\n\n<p>Oaxaca, Oax., a 24 de septiembre de 2025.- Aunque este tipo de direcciones han sido lideradas por mujeres, debido a su enfoque y como parte de acciones afirmativas para el avance de su g\u00e9nero, la Universidad Aut\u00f3noma \u201cBenito Ju\u00e1rez\u201d de Oaxaca (UABJO) &nbsp;mantiene en la Direcci\u00f3n de Equidad y G\u00e9nero (DIEG) a un hombre: Luis Alberto Carranza Hern\u00e1ndez, quien hasta antes de este puesto y al menos desde 2016 hab\u00eda desempe\u00f1ado varios cargos en la Facultad de Contadur\u00eda.<\/p>\n\n\n\n<p>Carranza Hern\u00e1ndez asumi\u00f3 el cargo al menos desde octubre de 2024, tras la salida de la \u00faltima directora de Equidad y G\u00e9nero, X\u00f3chitl Edith Bautista Garc\u00eda.<\/p>\n\n\n\n<p>Este mi\u00e9rcoles, alumnas y egresadas, as\u00ed como activistas feministas se manifestaron a las afueras de Ciudad Universitaria, en la ciudad de Oaxaca, para exigir al rector la destituci\u00f3n de Luis Alberto y que en su lugar se designe a una mujer.<\/p>\n\n\n\n<p>Con una protesta y una lona, exigieron \u00abno perpetuar el poder patriarcal en espacios para el adelanto de las mujeres\u00bb.<\/p>\n\n\n\n<p>En voz de Norma Iris Santiago Hern\u00e1ndez, las manifestantes llamaron al rector Cristian \u00c9der Carre\u00f1o \u00aba que demuestre su compromiso con las mujeres y no genere desde su administraci\u00f3n la usurpaci\u00f3n de espacios por los que hemos luchado las mujeres, las de antes y las de ahora\u00bb.<\/p>\n\n\n\n<p>Tambi\u00e9n lo exhortaron a que desde su gesti\u00f3n reconozca las luchas de las mujeres y escuche sus necesidades.<\/p>\n\n\n\n<p>\u00abEste tipo de designaci\u00f3n perpet\u00faa la l\u00f3gica del poder patriarcal\u00bb, se\u00f1alaron las activistas, quienes recordaron que espacios y \u00e1reas como la de Equidad y G\u00e9nero son parte de acciones afirmativas para garantizar la participaci\u00f3n y decisi\u00f3n de las mujeres, adem\u00e1s de estar enmarcadas en tratados y movimientos como la Plataforma de Beijing (Cuarta Conferencia Mundial sobre la Mujer, 1995).<\/p>\n\n\n\n<p>\u00abMujeres con formaci\u00f3n, con compromiso y con trayectoria las hay en Oaxaca y en la propia universidad. Lo que falta es voluntad pol\u00edtica para reconocer que la igualdad real exige que los espacios estrat\u00e9gicos de decisi\u00f3n est\u00e9n dirigidos por mujeres\u00bb, expusieron.<\/p>\n\n\n\n<p>La protesta de este mi\u00e9rcoles se suma a las que en los \u00faltimos a\u00f1os han realizado las mujeres en Oaxaca para denunciar la violencia de g\u00e9nero ejercida por profesores y otros trabajadores de esta universidad en contra de las estudiantes.&nbsp;<\/p>\n\n\n\n<p>Uno de los \u00faltimos casos fue el del docente Carlos Alberto N., a quien el pasado mes de mayo le fue rescindido su contrato con la universidad debido a las m\u00faltiples denuncias de acoso y\/o sexual y violencia de g\u00e9nero en contra de alumnas, \u00a0profesoras y otras trabajadoras de la UABJO.<\/p>\n\n\n\n<figure class=\"wp-block-embed is-type-rich is-provider-twitter wp-block-embed-twitter\"><div class=\"wp-block-embed__wrapper\">\n<div class=\"twitter-tweet\"><blockquote class=\"twitter-tweet\" data-lang=\"es\"><p lang=\"es\" dir=\"ltr\"><a href=\"https:\/\/twitter.com\/hashtag\/AlMomento?src=hash&amp;ref_src=twsrc%5Etfw\">#AlMomento<\/a><br>Resurgen las inconformidades en la <a href=\"https:\/\/twitter.com\/UABJO?ref_src=twsrc%5Etfw\">@UABJO<\/a>.<br><br>Colectivos de mujeres universitarias y de la sociedad civil denuncian falta de equidad de g\u00e9nero en la administraci\u00f3n que encabeza <a href=\"https:\/\/twitter.com\/RectorCristian?ref_src=twsrc%5Etfw\">@RectorCristian<\/a>. <br><br>Escuche la conferencia de prensa afuera de Ciudad Universitaria: <a href=\"https:\/\/t.co\/gFztIieW2K\">pic.twitter.com\/gFztIieW2K<\/a><\/p>&mdash; Zona Roja Oaxaca (@ZonaRoja_Oaxaca) <a href=\"https:\/\/twitter.com\/ZonaRoja_Oaxaca\/status\/1970888299817640025?ref_src=twsrc%5Etfw\">24 de septiembre de 2025<\/a><\/blockquote><\/div>\n<\/div><\/figure>\n","protected":false},"excerpt":{"rendered":"<p>Lisbeth Mej\u00eda Reyes\/Zona Roja. Oaxaca, Oax., a 24 de septiembre de 2025.- Aunque este tipo&hellip;<\/p>\n","protected":false},"author":2,"featured_media":85031,"comment_status":"closed","ping_status":"open","sticky":false,"template":"","format":"standard","meta":{"_lmt_disableupdate":"","_lmt_disable":"","_jetpack_memberships_contains_paid_content":false,"footnotes":""},"categories":[109,47],"tags":[755],"class_list":["post-85030","post","type-post","status-publish","format-standard","has-post-thumbnail","hentry","category-minuto-a-minuto","category-zona-gris","tag-direccion-de-equidad-y-genero-uabjo"],"jetpack_featured_media_url":"https:\/\/zonaroja.com.mx\/wp-content\/uploads\/2025\/09\/Protesta-direccion-de-equidad-UABJO.jpg","jetpack_sharing_enabled":true,"_links":{"self":[{"href":"https:\/\/zonaroja.com.mx\/index.php?rest_route=\/wp\/v2\/posts\/85030","targetHints":{"allow":["GET"]}}],"collection":[{"href":"https:\/\/zonaroja.com.mx\/index.php?rest_route=\/wp\/v2\/posts"}],"about":[{"href":"https:\/\/zonaroja.com.mx\/index.php?rest_route=\/wp\/v2\/types\/post"}],"author":[{"embeddable":true,"href":"https:\/\/zonaroja.com.mx\/index.php?rest_route=\/wp\/v2\/users\/2"}],"replies":[{"embeddable":true,"href":"https:\/\/zonaroja.com.mx\/index.php?rest_route=%2Fwp%2Fv2%2Fcomments&post=85030"}],"version-history":[{"count":1,"href":"https:\/\/zonaroja.com.mx\/index.php?rest_route=\/wp\/v2\/posts\/85030\/revisions"}],"predecessor-version":[{"id":85032,"href":"https:\/\/zonaroja.com.mx\/index.php?rest_route=\/wp\/v2\/posts\/85030\/revisions\/85032"}],"wp:featuredmedia":[{"embeddable":true,"href":"https:\/\/zonaroja.com.mx\/index.php?rest_route=\/wp\/v2\/media\/85031"}],"wp:attachment":[{"href":"https:\/\/zonaroja.com.mx\/index.php?rest_route=%2Fwp%2Fv2%2Fmedia&parent=85030"}],"wp:term":[{"taxonomy":"category","embeddable":true,"href":"https:\/\/zonaroja.com.mx\/index.php?rest_route=%2Fwp%2Fv2%2Fcategories&post=85030"},{"taxonomy":"post_tag","embeddable":true,"href":"https:\/\/zonaroja.com.mx\/index.php?rest_route=%2Fwp%2Fv2%2Ftags&post=85030"}],"curies":[{"name":"wp","href":"https:\/\/api.w.org\/{rel}","templated":true}]}}