{"id":85033,"date":"2025-09-24T21:00:17","date_gmt":"2025-09-25T03:00:17","guid":{"rendered":"https:\/\/zonaroja.com.mx\/?p=85033"},"modified":"2025-09-24T21:00:20","modified_gmt":"2025-09-25T03:00:20","slug":"presentan-imagen-oficial-para-festividades-del-dia-de-muertos-en-xoxocotlan","status":"publish","type":"post","link":"https:\/\/zonaroja.com.mx\/?p=85033","title":{"rendered":"Presentan imagen oficial para festividades del D\u00eda de Muertos en Xoxocotl\u00e1n"},"content":{"rendered":"\n<p>Redacci\u00f3n\/Zona Roja.<\/p>\n\n\n\n<p>Oaxaca, Oax., a 24 de septiembre de 2025.\u2013 Con el esp\u00edritu de arraigo y amor por sus ra\u00edces que dan identidad y orgullo a Santa Cruz Xoxocotl\u00e1n, el ayuntamiento present\u00f3 la imagen oficial de las festividades de D\u00eda de Muertos 2025, bajo el lema \u201cD\u00eda de Muertos, sincretismo y tradici\u00f3n\u201d.<\/p>\n\n\n\n<p>Ante la proximidad de una de las celebraciones m\u00e1s entra\u00f1ables para las familias xoxe\u00f1as, la presidenta municipal, Nancy Ben\u00edtez Z\u00e1rate, encabez\u00f3 la presentaci\u00f3n acompa\u00f1ada de integrantes del Cabildo y de un jurado especializado en fotograf\u00eda, el cual seleccion\u00f3 como obra ganadora a \u201cLa Velada\u201d, del autor Alejandro Fortino P\u00e9rez Velasco.<\/p>\n\n\n\n<p>En su mensaje, la edil destac\u00f3 que las tradiciones xoxe\u00f1as cuentan con reconocimiento a nivel nacional e internacional, por lo que felicit\u00f3 al autor de la imagen ganadora, la cual captura de manera profunda la esencia cultural del municipio.<\/p>\n\n\n\n<p>Ben\u00edtez Z\u00e1rate tambi\u00e9n anunci\u00f3 que las actividades del 30 y 31 de octubre, as\u00ed como del 1 y 2 de noviembre, se llevar\u00e1n a cabo en coordinaci\u00f3n con la Secretar\u00eda de Cultura y la Secretar\u00eda de Turismo del Gobierno del Estado, con el objetivo de fortalecer la identidad local y atraer a visitantes nacionales e internacionales.<\/p>\n\n\n\n<p>Por su parte, el jurado calific\u00f3 la obra como una representaci\u00f3n fiel de la tradici\u00f3n de velar a los difuntos en los panteones, donde el cempas\u00fachil, las velas y la convivencia comunitaria evocan la permanencia de las costumbres que dan identidad a Santa Cruz Xoxocotl\u00e1n.<\/p>\n","protected":false},"excerpt":{"rendered":"<p>Redacci\u00f3n\/Zona Roja. Oaxaca, Oax., a 24 de septiembre de 2025.\u2013 Con el esp\u00edritu de arraigo&hellip;<\/p>\n","protected":false},"author":2,"featured_media":85034,"comment_status":"closed","ping_status":"open","sticky":false,"template":"","format":"standard","meta":{"_lmt_disableupdate":"","_lmt_disable":"","_jetpack_memberships_contains_paid_content":false,"footnotes":""},"categories":[109,46],"tags":[133],"class_list":["post-85033","post","type-post","status-publish","format-standard","has-post-thumbnail","hentry","category-minuto-a-minuto","category-zona-blanca","tag-santa-cruz-xoxocotlan"],"jetpack_featured_media_url":"https:\/\/zonaroja.com.mx\/wp-content\/uploads\/2025\/09\/La-Velada-imagen-oficial-de-las-festividades-de-Muertos-en-Xoxocotlan-3.jpeg","jetpack_sharing_enabled":true,"_links":{"self":[{"href":"https:\/\/zonaroja.com.mx\/index.php?rest_route=\/wp\/v2\/posts\/85033","targetHints":{"allow":["GET"]}}],"collection":[{"href":"https:\/\/zonaroja.com.mx\/index.php?rest_route=\/wp\/v2\/posts"}],"about":[{"href":"https:\/\/zonaroja.com.mx\/index.php?rest_route=\/wp\/v2\/types\/post"}],"author":[{"embeddable":true,"href":"https:\/\/zonaroja.com.mx\/index.php?rest_route=\/wp\/v2\/users\/2"}],"replies":[{"embeddable":true,"href":"https:\/\/zonaroja.com.mx\/index.php?rest_route=%2Fwp%2Fv2%2Fcomments&post=85033"}],"version-history":[{"count":1,"href":"https:\/\/zonaroja.com.mx\/index.php?rest_route=\/wp\/v2\/posts\/85033\/revisions"}],"predecessor-version":[{"id":85035,"href":"https:\/\/zonaroja.com.mx\/index.php?rest_route=\/wp\/v2\/posts\/85033\/revisions\/85035"}],"wp:featuredmedia":[{"embeddable":true,"href":"https:\/\/zonaroja.com.mx\/index.php?rest_route=\/wp\/v2\/media\/85034"}],"wp:attachment":[{"href":"https:\/\/zonaroja.com.mx\/index.php?rest_route=%2Fwp%2Fv2%2Fmedia&parent=85033"}],"wp:term":[{"taxonomy":"category","embeddable":true,"href":"https:\/\/zonaroja.com.mx\/index.php?rest_route=%2Fwp%2Fv2%2Fcategories&post=85033"},{"taxonomy":"post_tag","embeddable":true,"href":"https:\/\/zonaroja.com.mx\/index.php?rest_route=%2Fwp%2Fv2%2Ftags&post=85033"}],"curies":[{"name":"wp","href":"https:\/\/api.w.org\/{rel}","templated":true}]}}