{"id":85036,"date":"2025-09-24T21:20:00","date_gmt":"2025-09-25T03:20:00","guid":{"rendered":"https:\/\/zonaroja.com.mx\/?p=85036"},"modified":"2025-09-24T21:05:16","modified_gmt":"2025-09-25T03:05:16","slug":"detienen-a-integrantes-de-un-grupo-delictivo-en-la-costa-de-oaxaca","status":"publish","type":"post","link":"https:\/\/zonaroja.com.mx\/?p=85036","title":{"rendered":"Detienen a integrantes de un grupo delictivo en la Costa de Oaxaca"},"content":{"rendered":"\n<p>Redacci\u00f3n\/Zona Roja.<\/p>\n\n\n\n<p>Oaxaca, Oax., a 24 de septiembre de 2025.- El Gabinete de Seguridad del Gobierno del Estado de Oaxaca asegur\u00f3 armamento, veh\u00edculos y cinco personas involucradas en la posible comisi\u00f3n de actos constitutivos de delitos en la regi\u00f3n de la Costa.<\/p>\n\n\n\n<p>Durante patrullajes realizados por fuerzas de seguridad estatal y federal sobre la carretera El Naranjo-Huajintepec, en los l\u00edmites del estado de Guerrero, se resguardaron dos veh\u00edculos abandonados; una motocicleta marca Vento 2025 sin placas de circulaci\u00f3n y un autom\u00f3vil marca Chevrolet 2012 con placas del estado de M\u00e9xico.<\/p>\n\n\n\n<p>Tambi\u00e9n, se detuvo a J.A.S.T. de 29 a\u00f1os, originario de Cuernavaca, Morelos; J.B.M. de 21 a\u00f1os y S.N.G. de 33 a\u00f1os, ambos de Buena Vista, Oaxaca; J.D.M.B. de 22 a\u00f1os, de Santiago Pinotepa Nacional, Oaxaca y A.D.D. de 22 a\u00f1os, de Santiago Llano Grande, Oaxaca.<\/p>\n\n\n\n<p>Asimismo, se aseguraron tres armas largas: ruger bx-25 calibre 5.56 modificada a calibre 22, una escopeta tipo chamber calibre 12 y una carabina R15 calibre 5.54; adem\u00e1s de dos armas cortas, una pistola marca Smith &amp; Wesson calibre 9 y otra m\u00e1s marca Delta Colt, calibre 38 super.<\/p>\n\n\n\n<p>Las personas y objetos fueron puestos a disposici\u00f3n de las autoridades correspondientes, en cumplimiento a los criterios de legalidad, respeto a los derechos humanos y coordinaci\u00f3n interinstitucional; con el objetivo de garantizar la correcta aplicaci\u00f3n de la ley.&nbsp;<\/p>\n\n\n\n<p>El operativo policial estuvo a cargo de la Fiscal\u00eda General del Estado, a trav\u00e9s de la Vicefiscal\u00eda Regional del Costa, la Agencia Estatal de Investigaciones, la Guardia Nacional (GN) Polic\u00eda Vial Estatal, Polic\u00eda Estatal y la Polic\u00eda Municipal de San Juan Cacahuatepec.&nbsp;<\/p>\n\n\n\n<p>Este operativo interinstitucional, deriv\u00f3 de una solicitud de colaboraci\u00f3n por parte de la autoridad del estado de Guerrero que notific\u00f3 que en Huajintepec, hab\u00eda ocurrido el secuestro de un menor de edad y que los presuntos responsables se hab\u00edan escondido en territorio oaxaque\u00f1o, por lo que, con las caracter\u00edsticas descritas se procedi\u00f3 a la b\u00fasqueda y localizaci\u00f3n de los objetivos.<\/p>\n","protected":false},"excerpt":{"rendered":"<p>Redacci\u00f3n\/Zona Roja. Oaxaca, Oax., a 24 de septiembre de 2025.- El Gabinete de Seguridad del&hellip;<\/p>\n","protected":false},"author":2,"featured_media":85037,"comment_status":"closed","ping_status":"open","sticky":false,"template":"","format":"standard","meta":{"_lmt_disableupdate":"","_lmt_disable":"","_jetpack_memberships_contains_paid_content":false,"footnotes":""},"categories":[109,46],"tags":[494],"class_list":["post-85036","post","type-post","status-publish","format-standard","has-post-thumbnail","hentry","category-minuto-a-minuto","category-zona-blanca","tag-fiscalia-general-del-estado-de-oaxaca"],"jetpack_featured_media_url":"https:\/\/zonaroja.com.mx\/wp-content\/uploads\/2025\/09\/Asegura-Gabinete-de-Seguridad-armamento-vehiculos-y-5-personas-vinculadas-a-delitos-en-la-Costa-1.jpeg","jetpack_sharing_enabled":true,"_links":{"self":[{"href":"https:\/\/zonaroja.com.mx\/index.php?rest_route=\/wp\/v2\/posts\/85036","targetHints":{"allow":["GET"]}}],"collection":[{"href":"https:\/\/zonaroja.com.mx\/index.php?rest_route=\/wp\/v2\/posts"}],"about":[{"href":"https:\/\/zonaroja.com.mx\/index.php?rest_route=\/wp\/v2\/types\/post"}],"author":[{"embeddable":true,"href":"https:\/\/zonaroja.com.mx\/index.php?rest_route=\/wp\/v2\/users\/2"}],"replies":[{"embeddable":true,"href":"https:\/\/zonaroja.com.mx\/index.php?rest_route=%2Fwp%2Fv2%2Fcomments&post=85036"}],"version-history":[{"count":1,"href":"https:\/\/zonaroja.com.mx\/index.php?rest_route=\/wp\/v2\/posts\/85036\/revisions"}],"predecessor-version":[{"id":85038,"href":"https:\/\/zonaroja.com.mx\/index.php?rest_route=\/wp\/v2\/posts\/85036\/revisions\/85038"}],"wp:featuredmedia":[{"embeddable":true,"href":"https:\/\/zonaroja.com.mx\/index.php?rest_route=\/wp\/v2\/media\/85037"}],"wp:attachment":[{"href":"https:\/\/zonaroja.com.mx\/index.php?rest_route=%2Fwp%2Fv2%2Fmedia&parent=85036"}],"wp:term":[{"taxonomy":"category","embeddable":true,"href":"https:\/\/zonaroja.com.mx\/index.php?rest_route=%2Fwp%2Fv2%2Fcategories&post=85036"},{"taxonomy":"post_tag","embeddable":true,"href":"https:\/\/zonaroja.com.mx\/index.php?rest_route=%2Fwp%2Fv2%2Ftags&post=85036"}],"curies":[{"name":"wp","href":"https:\/\/api.w.org\/{rel}","templated":true}]}}