{"id":85039,"date":"2025-09-24T21:57:10","date_gmt":"2025-09-25T03:57:10","guid":{"rendered":"https:\/\/zonaroja.com.mx\/?p=85039"},"modified":"2025-09-24T21:57:12","modified_gmt":"2025-09-25T03:57:12","slug":"ejecutan-a-individuo-y-calcinan-su-cuerpo-en-comunidad-de-oaxaca","status":"publish","type":"post","link":"https:\/\/zonaroja.com.mx\/?p=85039","title":{"rendered":"Ejecutan a individuo y calcinan su cuerpo, en comunidad de Oaxaca"},"content":{"rendered":"\n<p>Ismael Garc\u00eda M.\/Zona Roja.<\/p>\n\n\n\n<p>Oaxaca, Oax., a 24 de septiembre de 2025.- Una persona del sexo masculino fue ejecutada y su cuerpo posteriormente calcinad.<\/p>\n\n\n\n<p>Fue localizado esta ma\u00f1ana de mi\u00e9rcoles a un costado de un camino de terracer\u00eda en el paraje \u201cLa Humedad\u201d de Santa Carina Quian\u00e9, localidad de la regi\u00f3n Valles Centrales de Oaxaca.<\/p>\n\n\n\n<p>Pobladores fueron quienes localizaron el cuerpo, por lo cual dieron aviso a la autoridad local, que a su vez pidi\u00f3 la intervenci\u00f3n de la Fiscal\u00eda General del Estado.<\/p>\n\n\n\n<p>Tras ello la zona fue acordonada, mientras que peritos de diversas \u00e1reas as\u00ed como personal de la Agencia Estatal de Investigaciones (AEI) realiz\u00f3 las primeras indagatorias.<\/p>\n\n\n\n<p>Luego de ello, el cuerpo fue trasladado al Instituto de Servicios Periciales de la Fiscal\u00eda, con la finalidad de dar con la identidad de la persona.<\/p>\n","protected":false},"excerpt":{"rendered":"<p>Ismael Garc\u00eda M.\/Zona Roja. Oaxaca, Oax., a 24 de septiembre de 2025.- Una persona del&hellip;<\/p>\n","protected":false},"author":2,"featured_media":85040,"comment_status":"closed","ping_status":"open","sticky":false,"template":"","format":"standard","meta":{"_lmt_disableupdate":"","_lmt_disable":"","_jetpack_memberships_contains_paid_content":false,"footnotes":""},"categories":[109,51],"tags":[4466],"class_list":["post-85039","post","type-post","status-publish","format-standard","has-post-thumbnail","hentry","category-minuto-a-minuto","category-zona-roja","tag-santa-catarina-quiane"],"jetpack_featured_media_url":"https:\/\/zonaroja.com.mx\/wp-content\/uploads\/2025\/09\/Ejecutado-y-calcinado-Santa-Catarina-Quiane.jpg","jetpack_sharing_enabled":true,"_links":{"self":[{"href":"https:\/\/zonaroja.com.mx\/index.php?rest_route=\/wp\/v2\/posts\/85039","targetHints":{"allow":["GET"]}}],"collection":[{"href":"https:\/\/zonaroja.com.mx\/index.php?rest_route=\/wp\/v2\/posts"}],"about":[{"href":"https:\/\/zonaroja.com.mx\/index.php?rest_route=\/wp\/v2\/types\/post"}],"author":[{"embeddable":true,"href":"https:\/\/zonaroja.com.mx\/index.php?rest_route=\/wp\/v2\/users\/2"}],"replies":[{"embeddable":true,"href":"https:\/\/zonaroja.com.mx\/index.php?rest_route=%2Fwp%2Fv2%2Fcomments&post=85039"}],"version-history":[{"count":1,"href":"https:\/\/zonaroja.com.mx\/index.php?rest_route=\/wp\/v2\/posts\/85039\/revisions"}],"predecessor-version":[{"id":85041,"href":"https:\/\/zonaroja.com.mx\/index.php?rest_route=\/wp\/v2\/posts\/85039\/revisions\/85041"}],"wp:featuredmedia":[{"embeddable":true,"href":"https:\/\/zonaroja.com.mx\/index.php?rest_route=\/wp\/v2\/media\/85040"}],"wp:attachment":[{"href":"https:\/\/zonaroja.com.mx\/index.php?rest_route=%2Fwp%2Fv2%2Fmedia&parent=85039"}],"wp:term":[{"taxonomy":"category","embeddable":true,"href":"https:\/\/zonaroja.com.mx\/index.php?rest_route=%2Fwp%2Fv2%2Fcategories&post=85039"},{"taxonomy":"post_tag","embeddable":true,"href":"https:\/\/zonaroja.com.mx\/index.php?rest_route=%2Fwp%2Fv2%2Ftags&post=85039"}],"curies":[{"name":"wp","href":"https:\/\/api.w.org\/{rel}","templated":true}]}}