{"id":8504,"date":"2020-02-06T21:40:39","date_gmt":"2020-02-07T03:40:39","guid":{"rendered":"http:\/\/www.zonaroja.com.mx\/?p=8504"},"modified":"2020-02-06T21:42:05","modified_gmt":"2020-02-07T03:42:05","slug":"denuncian-que-ex-rector-de-la-uabjo-busca-exculparse-de-malos-manejos","status":"publish","type":"post","link":"https:\/\/zonaroja.com.mx\/?p=8504","title":{"rendered":"Denuncian que ex rector de la UABJO busca exculparse de malos manejos"},"content":{"rendered":"\n<p>Evlin\nArag\u00f3n\/Zona Roja.<\/p>\n\n\n\n<p>Oaxaca\nde Ju\u00e1rez, Oax., 6 de febrero de 2020.- Eduardo Mart\u00ednez Helmes, ex rector de\nla Universidad Aut\u00f3noma \u201cBenito Ju\u00e1rez\u201d de Oaxaca, denunci\u00f3 que fue v\u00edctima de\nrobo en sus oficinas ubicadas en la colonia Arenal, en la capital, lo que\ncalific\u00f3 como \u201cparte de una campa\u00f1a sucia en su contra rumbo a la sucesi\u00f3n de\nautoridad al interior de la m\u00e1xima casa de estudios\u201d.<\/p>\n\n\n\n<p>Sin\nembargo, de acuerdo con agrupaciones de universitarios, con ello el ex\nresponsable de la m\u00e1xima casa de estudios pretende argumentar que con ese robo,\nse perdieron documentos con los cuales comprobar\u00eda los faltantes financieros\nque se detectaron durante su gesti\u00f3n.<\/p>\n\n\n\n<p>En\nun comunicado que hizo p\u00fablico a trav\u00e9s de un medio de circulaci\u00f3n local,\nMart\u00ednez Helmes explic\u00f3 que los delincuentes sustrajeron documentos personales,\ninformaci\u00f3n del proceso de entrega recepci\u00f3n de su gesti\u00f3n como rector,\nsituaci\u00f3n que lo hace pensar que el hecho est\u00e1 ligado con la campa\u00f1a negativa\nque se ha iniciado en su contra y de su familia, con miras a la sucesi\u00f3n de\nautoridad al interior de la UABJO.<\/p>\n\n\n\n<p>As\u00ed\nmismo detall\u00f3 que \u201ccausa extra\u00f1eza\u201d que en el momento del robo no se hayan\nactivado ninguno de los mecanismos de seguridad con los que cuenta el inmueble\nque pudieran alertar a elementos de la polic\u00eda metropolitana que se encuentran\nal interior de un m\u00f3dulo a cuatro cuadras del lugar.<\/p>\n\n\n\n<p>\u201cHago\np\u00fablico este hecho delictivo cometido en contra de mi persona y patrimonio,\npara reiterar que mi posici\u00f3n ha sido siempre en defensa de la autonom\u00eda\nuniversitaria, del voto libre, universal, secreto y directo; en contra del\nchantaje, la corrupci\u00f3n y la violencia\u201d, indic\u00f3.<\/p>\n\n\n\n<p>Mart\u00ednez\nHelmes y su grupo al interior de la Universidad busca impulsar a su propio\ncandidato a la rector\u00eda; no obstante, el ex rector a\u00fan tiene pendiente de\njustificar recursos presupuestales que manej\u00f3 en su trienio.<\/p>\n\n\n\n<p>Aunque\nestos momentos la UABJO se encuentra en una situaci\u00f3n complicada debido a la\nhuelga que encabeza el Sindicato de Trabajadores y Empleados de la instituci\u00f3n,\nel pr\u00f3ximo 15 de mayo la comunidad universitaria se enfrenta a la sucesi\u00f3n de\nautoridad por lo que se empiezan a generar una serie de rumores y cr\u00edticas al\ninterior y exterior de m\u00e1xima casa de estudios.<\/p>\n","protected":false},"excerpt":{"rendered":"<p>Evlin Arag\u00f3n\/Zona Roja. Oaxaca de Ju\u00e1rez, Oax., 6 de febrero de 2020.- Eduardo Mart\u00ednez Helmes,&hellip;<\/p>\n","protected":false},"author":2,"featured_media":8505,"comment_status":"closed","ping_status":"open","sticky":false,"template":"","format":"standard","meta":{"_lmt_disableupdate":"","_lmt_disable":"","_jetpack_memberships_contains_paid_content":false,"footnotes":""},"categories":[109,47],"tags":[1347,282],"class_list":["post-8504","post","type-post","status-publish","format-standard","has-post-thumbnail","hentry","category-minuto-a-minuto","category-zona-gris","tag-eduardo-martinez-helmes","tag-universidad-autonoma-benito-juarez-de-oaxaca"],"jetpack_featured_media_url":"https:\/\/zonaroja.com.mx\/wp-content\/uploads\/2020\/02\/Eduardo-Mart\u00ednez-Helmes.jpg","jetpack_sharing_enabled":true,"_links":{"self":[{"href":"https:\/\/zonaroja.com.mx\/index.php?rest_route=\/wp\/v2\/posts\/8504","targetHints":{"allow":["GET"]}}],"collection":[{"href":"https:\/\/zonaroja.com.mx\/index.php?rest_route=\/wp\/v2\/posts"}],"about":[{"href":"https:\/\/zonaroja.com.mx\/index.php?rest_route=\/wp\/v2\/types\/post"}],"author":[{"embeddable":true,"href":"https:\/\/zonaroja.com.mx\/index.php?rest_route=\/wp\/v2\/users\/2"}],"replies":[{"embeddable":true,"href":"https:\/\/zonaroja.com.mx\/index.php?rest_route=%2Fwp%2Fv2%2Fcomments&post=8504"}],"version-history":[{"count":1,"href":"https:\/\/zonaroja.com.mx\/index.php?rest_route=\/wp\/v2\/posts\/8504\/revisions"}],"predecessor-version":[{"id":8506,"href":"https:\/\/zonaroja.com.mx\/index.php?rest_route=\/wp\/v2\/posts\/8504\/revisions\/8506"}],"wp:featuredmedia":[{"embeddable":true,"href":"https:\/\/zonaroja.com.mx\/index.php?rest_route=\/wp\/v2\/media\/8505"}],"wp:attachment":[{"href":"https:\/\/zonaroja.com.mx\/index.php?rest_route=%2Fwp%2Fv2%2Fmedia&parent=8504"}],"wp:term":[{"taxonomy":"category","embeddable":true,"href":"https:\/\/zonaroja.com.mx\/index.php?rest_route=%2Fwp%2Fv2%2Fcategories&post=8504"},{"taxonomy":"post_tag","embeddable":true,"href":"https:\/\/zonaroja.com.mx\/index.php?rest_route=%2Fwp%2Fv2%2Ftags&post=8504"}],"curies":[{"name":"wp","href":"https:\/\/api.w.org\/{rel}","templated":true}]}}