{"id":85044,"date":"2025-09-25T07:15:00","date_gmt":"2025-09-25T13:15:00","guid":{"rendered":"https:\/\/zonaroja.com.mx\/?p=85044"},"modified":"2025-09-25T06:39:08","modified_gmt":"2025-09-25T12:39:08","slug":"conmemoran-el-dia-mundial-del-turismo-en-ixtlan-de-juarez-oaxaca","status":"publish","type":"post","link":"https:\/\/zonaroja.com.mx\/?p=85044","title":{"rendered":"Conmemoran el D\u00eda Mundial del Turismo en Ixtl\u00e1n de Ju\u00e1rez, Oaxaca"},"content":{"rendered":"\n<p>Redacci\u00f3n\/Zona Roja.<\/p>\n\n\n\n<p>Oaxaca, Oax., a 25 de septiembre de 2025.- La Secretar\u00eda de Turismo del Estado (Sectur Oaxaca) inaugur\u00f3 una jornada acad\u00e9mica, tur\u00edstica y cultural en el marco del D\u00eda Mundial del Turismo 2025, \u00abTurismo y Transformaci\u00f3n Sostenible\u00bb, en coordinaci\u00f3n con autoridades municipales de Ixtl\u00e1n de Ju\u00e1rez y educativas de la Universidad de la Sierra Ju\u00e1rez (Unsij).<\/p>\n\n\n\n<p>La secretaria Saymi Pineda Velasco destac\u00f3 que el turismo es el motor de desarrollo econ\u00f3mico e inclusi\u00f3n social, representando para el estado m\u00e1s de 51 mil empleos directos, m\u00e1s de 22 mil millones de pesos en derrama econ\u00f3mica y es fuente de empleo e inclusi\u00f3n para mujeres, juventud y comunidades.<\/p>\n\n\n\n<p>En este contexto, destac\u00f3 la importancia de conmemorar la fecha haciendo un llamado a garantizar que esta actividad impulse prosperidad sin comprometer el patrimonio natural y cultural, este a\u00f1o es &#8211; dijo &#8211; en la regi\u00f3n de la Sierra de Ju\u00e1rez, \u00abs\u00edmbolo del turismo comunitario y sustentable; un modelo de respeto a la biodiversidad que fortalece la identidad cultural del estado\u00bb, asegur\u00f3.<\/p>\n\n\n\n<p>El presidente municipal de Ixtl\u00e1n de Ju\u00e1rez Jos\u00e9 Juan Ru\u00edz Pacheco destac\u00f3 la importancia de la jornada para la formaci\u00f3n de estudiantes de bachilleratos y universidades, as\u00ed como de profesionales, para seguir impulsando el turismo en la entidad, al tiempo que reconoci\u00f3 el trabajo coordinado entre autoridades municipales de la Ruta de la Sierra Ju\u00e1rez y la Sectur Oaxaca para el desarrollo econ\u00f3mico.<\/p>\n\n\n\n<p>A su vez, la vicerrectora acad\u00e9mica de la Unsij Mar\u00eda Delfina Luna Krauletz se\u00f1al\u00f3 que desde la academia, se tiene un compromiso profundo con la regi\u00f3n de la Sierra de Ju\u00e1rez y la entidad, impulsando a la educaci\u00f3n como motor de cambio y al turismo responsable y sustentable, como instrumento de transformaci\u00f3n.<\/p>\n\n\n\n<p>El D\u00eda Mundial del Turismo se conmemora cada 27 de septiembre y este a\u00f1o, en Oaxaca se celebr\u00f3 con una jornada acad\u00e9mica a cargo de ponentes de la Unsij, de la Escuela Superior de Turismo del Instituto Polit\u00e9cnico Nacional (IPN), de la Unidad de Informaci\u00f3n y Pol\u00edtica Tur\u00edstica de la Sectur federal y de la turoperadora comunitaria Costa Magia.<\/p>\n\n\n\n<p>Asimismo, desarrollo de experiencias tur\u00edsticas en las poblaciones de Ixtl\u00e1n de Ju\u00e1rez, Capul\u00e1lpam de M\u00e9ndez, Amatl\u00e1n y Lachatao; exposiciones gastron\u00f3micas y artesanales.<\/p>\n\n\n\n<figure class=\"wp-block-embed is-type-rich is-provider-twitter wp-block-embed-twitter\"><div class=\"wp-block-embed__wrapper\">\n<div class=\"twitter-tweet\"><blockquote class=\"twitter-tweet\" data-lang=\"es\"><p lang=\"es\" dir=\"ltr\">Oaxaca celebra el D\u00eda Mundial del Turismo 2025 \ud83c\udf3f\u2728<br><br>Desde la Sierra Ju\u00e1rez conmemoramos este d\u00eda con experiencias comunitarias, talleres, conferencias y gastronom\u00eda, reafirmando que el turismo sustentable es motor de inclusi\u00f3n, preservaci\u00f3n cultural y bienestar colectivo.\u2026 <a href=\"https:\/\/t.co\/p2VuzdCvZt\">pic.twitter.com\/p2VuzdCvZt<\/a><\/p>&mdash; Saymi Pineda Velasco (@saymipinedav) <a href=\"https:\/\/twitter.com\/saymipinedav\/status\/1970924051368394783?ref_src=twsrc%5Etfw\">24 de septiembre de 2025<\/a><\/blockquote><\/div>\n<\/div><\/figure>\n","protected":false},"excerpt":{"rendered":"<p>Redacci\u00f3n\/Zona Roja. Oaxaca, Oax., a 25 de septiembre de 2025.- La Secretar\u00eda de Turismo del&hellip;<\/p>\n","protected":false},"author":2,"featured_media":85045,"comment_status":"closed","ping_status":"open","sticky":false,"template":"","format":"standard","meta":{"_lmt_disableupdate":"","_lmt_disable":"","_jetpack_memberships_contains_paid_content":false,"footnotes":""},"categories":[109,46],"tags":[1031],"class_list":["post-85044","post","type-post","status-publish","format-standard","has-post-thumbnail","hentry","category-minuto-a-minuto","category-zona-blanca","tag-secretaria-de-turismo-oaxaca"],"jetpack_featured_media_url":"https:\/\/zonaroja.com.mx\/wp-content\/uploads\/2025\/09\/Turismo-ixtlan-Oaxaca.jpg","jetpack_sharing_enabled":true,"_links":{"self":[{"href":"https:\/\/zonaroja.com.mx\/index.php?rest_route=\/wp\/v2\/posts\/85044","targetHints":{"allow":["GET"]}}],"collection":[{"href":"https:\/\/zonaroja.com.mx\/index.php?rest_route=\/wp\/v2\/posts"}],"about":[{"href":"https:\/\/zonaroja.com.mx\/index.php?rest_route=\/wp\/v2\/types\/post"}],"author":[{"embeddable":true,"href":"https:\/\/zonaroja.com.mx\/index.php?rest_route=\/wp\/v2\/users\/2"}],"replies":[{"embeddable":true,"href":"https:\/\/zonaroja.com.mx\/index.php?rest_route=%2Fwp%2Fv2%2Fcomments&post=85044"}],"version-history":[{"count":1,"href":"https:\/\/zonaroja.com.mx\/index.php?rest_route=\/wp\/v2\/posts\/85044\/revisions"}],"predecessor-version":[{"id":85046,"href":"https:\/\/zonaroja.com.mx\/index.php?rest_route=\/wp\/v2\/posts\/85044\/revisions\/85046"}],"wp:featuredmedia":[{"embeddable":true,"href":"https:\/\/zonaroja.com.mx\/index.php?rest_route=\/wp\/v2\/media\/85045"}],"wp:attachment":[{"href":"https:\/\/zonaroja.com.mx\/index.php?rest_route=%2Fwp%2Fv2%2Fmedia&parent=85044"}],"wp:term":[{"taxonomy":"category","embeddable":true,"href":"https:\/\/zonaroja.com.mx\/index.php?rest_route=%2Fwp%2Fv2%2Fcategories&post=85044"},{"taxonomy":"post_tag","embeddable":true,"href":"https:\/\/zonaroja.com.mx\/index.php?rest_route=%2Fwp%2Fv2%2Ftags&post=85044"}],"curies":[{"name":"wp","href":"https:\/\/api.w.org\/{rel}","templated":true}]}}