{"id":85047,"date":"2025-09-25T08:00:00","date_gmt":"2025-09-25T14:00:00","guid":{"rendered":"https:\/\/zonaroja.com.mx\/?p=85047"},"modified":"2025-09-25T08:28:41","modified_gmt":"2025-09-25T14:28:41","slug":"matan-a-balazos-a-individuo-en-salina-cruz-hay-dos-heridos","status":"publish","type":"post","link":"https:\/\/zonaroja.com.mx\/?p=85047","title":{"rendered":"Matan a balazos a individuo en Salina Cruz; hay dos heridos"},"content":{"rendered":"\n<p>Raymundo Morales\/Zona Roja.<\/p>\n\n\n\n<p>Oaxaca, Oax., a 25 de septiembre de 2025.- Una persona fallecida y dos m\u00e1s lesionadas es el saldo de una agresi\u00f3n armada registrada en el municipio de Salina Cruz.<\/p>\n\n\n\n<p>Seg\u00fan reportes policiacos, el crimen se perpetr\u00f3 en los primeros minutos de este jueves en una calle del Barrio Santa Rosa, zona centro y cerca del palacio municipal.<\/p>\n\n\n\n<p>La v\u00edctima fatal ha sido identificada de manera preliminar como Salvador L. T., mientras que una menor de edad y una mujer adulta fueron trasladados a un hospital cercano.<\/p>\n\n\n\n<p>Personal de la Vicefiscal\u00eda Regional del Istmo, dependiente de la Fiscal\u00eda General del Estado de Oaxaca, termin\u00f3 la madrugada de hoy las primeras indagatorias y hasta el momento se desconoce el m\u00f3vil del ataque armado.<\/p>\n\n\n\n<p>Apenas el pasado martes por la ma\u00f1ana se registr\u00f3 otro crimen, en un domicilio del barrio San Francisco, de una persona adulta, cuyos agresores lograron darse a la fuga.<\/p>\n","protected":false},"excerpt":{"rendered":"<p>Raymundo Morales\/Zona Roja. Oaxaca, Oax., a 25 de septiembre de 2025.- Una persona fallecida y&hellip;<\/p>\n","protected":false},"author":2,"featured_media":84641,"comment_status":"closed","ping_status":"open","sticky":false,"template":"","format":"standard","meta":{"_lmt_disableupdate":"","_lmt_disable":"","_jetpack_memberships_contains_paid_content":false,"footnotes":""},"categories":[109,51],"tags":[4053],"class_list":["post-85047","post","type-post","status-publish","format-standard","has-post-thumbnail","hentry","category-minuto-a-minuto","category-zona-roja","tag-asesinato-salina-cruz"],"jetpack_featured_media_url":"https:\/\/zonaroja.com.mx\/wp-content\/uploads\/2025\/09\/Policia-Salina-Cruz-1.jpeg","jetpack_sharing_enabled":true,"_links":{"self":[{"href":"https:\/\/zonaroja.com.mx\/index.php?rest_route=\/wp\/v2\/posts\/85047","targetHints":{"allow":["GET"]}}],"collection":[{"href":"https:\/\/zonaroja.com.mx\/index.php?rest_route=\/wp\/v2\/posts"}],"about":[{"href":"https:\/\/zonaroja.com.mx\/index.php?rest_route=\/wp\/v2\/types\/post"}],"author":[{"embeddable":true,"href":"https:\/\/zonaroja.com.mx\/index.php?rest_route=\/wp\/v2\/users\/2"}],"replies":[{"embeddable":true,"href":"https:\/\/zonaroja.com.mx\/index.php?rest_route=%2Fwp%2Fv2%2Fcomments&post=85047"}],"version-history":[{"count":2,"href":"https:\/\/zonaroja.com.mx\/index.php?rest_route=\/wp\/v2\/posts\/85047\/revisions"}],"predecessor-version":[{"id":85073,"href":"https:\/\/zonaroja.com.mx\/index.php?rest_route=\/wp\/v2\/posts\/85047\/revisions\/85073"}],"wp:featuredmedia":[{"embeddable":true,"href":"https:\/\/zonaroja.com.mx\/index.php?rest_route=\/wp\/v2\/media\/84641"}],"wp:attachment":[{"href":"https:\/\/zonaroja.com.mx\/index.php?rest_route=%2Fwp%2Fv2%2Fmedia&parent=85047"}],"wp:term":[{"taxonomy":"category","embeddable":true,"href":"https:\/\/zonaroja.com.mx\/index.php?rest_route=%2Fwp%2Fv2%2Fcategories&post=85047"},{"taxonomy":"post_tag","embeddable":true,"href":"https:\/\/zonaroja.com.mx\/index.php?rest_route=%2Fwp%2Fv2%2Ftags&post=85047"}],"curies":[{"name":"wp","href":"https:\/\/api.w.org\/{rel}","templated":true}]}}