{"id":85049,"date":"2025-09-25T08:30:00","date_gmt":"2025-09-25T14:30:00","guid":{"rendered":"https:\/\/zonaroja.com.mx\/?p=85049"},"modified":"2025-09-25T07:03:39","modified_gmt":"2025-09-25T13:03:39","slug":"alertan-sobre-desfogue-de-presa-em-el-norte-de-oaxaca","status":"publish","type":"post","link":"https:\/\/zonaroja.com.mx\/?p=85049","title":{"rendered":"Alertan sobre desfogue de presa em el norte de Oaxaca"},"content":{"rendered":"\n<p>Redacci\u00f3n\/Zona Roja.<\/p>\n\n\n\n<p>Oaxaca, Oax., a 25 de septiembre de 2025.- Este jueves, de&nbsp;las 12:00 a las 18:00 horas,&nbsp;la Comisi\u00f3n Nacional del Agua (Conagua), en coordinaci\u00f3n con la Comisi\u00f3n Federal de Electricidad (CFE),&nbsp;realizar\u00e1&nbsp;la apertura de&nbsp;las&nbsp;compuertas de la presa \u201cCerro de Oro\u201d, ubicada al norte del estado de Oaxaca,&nbsp;para descargar de manera controlada 500 metros c\u00fabicos por segundo (m3\/s) al r\u00edo \u201cSanto Domingo\u201d.<\/p>\n\n\n\n<p>Derivado de las recomendaciones del Comit\u00e9 T\u00e9cnico de Operaci\u00f3n de Obras Hidr\u00e1ulicas (CTOOH) de la Conagua, y debido a la proliferaci\u00f3n de maleza acu\u00e1tica que afecta a&nbsp;las comunidades pesqueras&nbsp;en el cauce del r\u00edo \u201cSanto Domingo\u201d, aguas debajo de la presa \u201cCerro de Oro\u201d;&nbsp;as\u00ed como al diagn\u00f3stico de operaci\u00f3n de la presa presentado por el Organismo de Cuenca Golfo Centro,&nbsp;se acord\u00f3 la realizaci\u00f3n&nbsp;de&nbsp;la descarga&nbsp;durante seis horas.&nbsp;<\/p>\n\n\n\n<p>Por ello se inform\u00f3 de manera oportuna a las autoridades estatales y municipales,&nbsp;para que tomen las previsiones competentes en materia de protecci\u00f3n a la ciudadan\u00eda, principalmente en los&nbsp;municipios ribere\u00f1os en la Cuenca del Papaloapan de Oaxaca, como&nbsp;San Lucas Ojitl\u00e1n&nbsp;y San Juan Bautista Tuxtepec.&nbsp;<\/p>\n\n\n\n<p>Asimismo, en el estado de Veracruz los municipios de Acula, Alvarado, Amatitl\u00e1n, Carlos A. Carrillo, Chacaltianguis, Cosamaloapan de Carpio, Otatitl\u00e1n, Tlacojalpan y Tlacotalpan, deber\u00e1n extremar precauciones al realizar actividades en la margen y cauce del r\u00edo \u201cSanto Domingo\u201d y \u201cPapaloapan\u201d, principalmente los&nbsp;d\u00edas&nbsp;25 y 26 de septiembre.<\/p>\n\n\n\n<p>La&nbsp;Conagua recomienda a la poblaci\u00f3n&nbsp;estar&nbsp;atenta a las indicaciones de&nbsp;la Secretar\u00eda de&nbsp;Protecci\u00f3n Civil y seguir la informaci\u00f3n&nbsp;\u00fanicamente a trav\u00e9s de fuentes oficiales, evitando la difusi\u00f3n de rumores.<\/p>\n","protected":false},"excerpt":{"rendered":"<p>Redacci\u00f3n\/Zona Roja. Oaxaca, Oax., a 25 de septiembre de 2025.- Este jueves, de&nbsp;las 12:00 a&hellip;<\/p>\n","protected":false},"author":2,"featured_media":85050,"comment_status":"closed","ping_status":"open","sticky":false,"template":"","format":"standard","meta":{"_lmt_disableupdate":"","_lmt_disable":"","_jetpack_memberships_contains_paid_content":false,"footnotes":""},"categories":[109,47],"tags":[4467],"class_list":["post-85049","post","type-post","status-publish","format-standard","has-post-thumbnail","hentry","category-minuto-a-minuto","category-zona-gris","tag-presa-cerro-de-oro-oaxaca"],"jetpack_featured_media_url":"https:\/\/zonaroja.com.mx\/wp-content\/uploads\/2025\/09\/Presa-cerro-de-oro-Oaxaca.webp","jetpack_sharing_enabled":true,"_links":{"self":[{"href":"https:\/\/zonaroja.com.mx\/index.php?rest_route=\/wp\/v2\/posts\/85049","targetHints":{"allow":["GET"]}}],"collection":[{"href":"https:\/\/zonaroja.com.mx\/index.php?rest_route=\/wp\/v2\/posts"}],"about":[{"href":"https:\/\/zonaroja.com.mx\/index.php?rest_route=\/wp\/v2\/types\/post"}],"author":[{"embeddable":true,"href":"https:\/\/zonaroja.com.mx\/index.php?rest_route=\/wp\/v2\/users\/2"}],"replies":[{"embeddable":true,"href":"https:\/\/zonaroja.com.mx\/index.php?rest_route=%2Fwp%2Fv2%2Fcomments&post=85049"}],"version-history":[{"count":1,"href":"https:\/\/zonaroja.com.mx\/index.php?rest_route=\/wp\/v2\/posts\/85049\/revisions"}],"predecessor-version":[{"id":85051,"href":"https:\/\/zonaroja.com.mx\/index.php?rest_route=\/wp\/v2\/posts\/85049\/revisions\/85051"}],"wp:featuredmedia":[{"embeddable":true,"href":"https:\/\/zonaroja.com.mx\/index.php?rest_route=\/wp\/v2\/media\/85050"}],"wp:attachment":[{"href":"https:\/\/zonaroja.com.mx\/index.php?rest_route=%2Fwp%2Fv2%2Fmedia&parent=85049"}],"wp:term":[{"taxonomy":"category","embeddable":true,"href":"https:\/\/zonaroja.com.mx\/index.php?rest_route=%2Fwp%2Fv2%2Fcategories&post=85049"},{"taxonomy":"post_tag","embeddable":true,"href":"https:\/\/zonaroja.com.mx\/index.php?rest_route=%2Fwp%2Fv2%2Ftags&post=85049"}],"curies":[{"name":"wp","href":"https:\/\/api.w.org\/{rel}","templated":true}]}}