{"id":85052,"date":"2025-09-25T09:15:00","date_gmt":"2025-09-25T15:15:00","guid":{"rendered":"https:\/\/zonaroja.com.mx\/?p=85052"},"modified":"2025-09-25T07:12:31","modified_gmt":"2025-09-25T13:12:31","slug":"anuncian-dia-estatal-del-maiz-nativo-en-oaxaca","status":"publish","type":"post","link":"https:\/\/zonaroja.com.mx\/?p=85052","title":{"rendered":"\u00a0Anuncian D\u00eda Estatal del Ma\u00edz Nativo en Oaxaca"},"content":{"rendered":"\n<p>Lisbeth Mej\u00eda Reyes\/Zona Roja.<\/p>\n\n\n\n<p>Oaxaca, Oax., a 25 de septiembre de 2025.- El Espacio Estatal en Defensa del Ma\u00edz Nativo advirti\u00f3 que a pesar de ser un pa\u00eds productor de este alimento y cuna de su domesticaci\u00f3n, M\u00e9xico enfrenta una dependencia creciente hacia Estados Unidos, su principal proveedor de ma\u00edz y de otros alimentos.<\/p>\n\n\n\n<p>De las 43 millones de toneladas de ma\u00edz que se consumen al a\u00f1o, 23 son importadas de Estados Unidos, explic\u00f3 Jos\u00e9 Rodr\u00edguez, del Colectivo Yuniz, una de las organizaciones integrantes de dicha asociaci\u00f3n de organismos de la sociedad civil.<\/p>\n\n\n\n<p>\u00abLa tendencia es que entren m\u00e1s transg\u00e9nicos, que entren m\u00e1s herbicidas y con esto aumenta la migraci\u00f3n\u00bb, dijo durante la presentaci\u00f3n de la jornada conmemorativa del D\u00eda Estatal del Ma\u00edz Nativo, que tiene como tem\u00e1tica: \u00abMujeres, cosmovisi\u00f3n y ma\u00edz\u00bb.<\/p>\n\n\n\n<p>El activista apunt\u00f3 que la tendencia se debe al tratado de libre comercio vigente desde 2020 entre M\u00e9xico, Estados Unidos y Canad\u00e1 (T-MEC), y que sustituy\u00f3 al Tratado de Libre Comercio de Am\u00e9rica del Norte (TLCAN). Adem\u00e1s, porque en realidad no hay apoyo gubernamental para incentivar la producci\u00f3n nacional de ma\u00edz.<\/p>\n\n\n\n<p>Este mi\u00e9rcoles, Rodr\u00edguez y dem\u00e1s integrantes del Espacio Estatal en Defensa del Ma\u00edz expusieron el contexto que enfrentan esta semilla y en general la alimentaci\u00f3n en M\u00e9xico, y que son parte de los temas que abordar\u00e1n en la pr\u00f3xima jornada conmemora del D\u00eda Estatal del Ma\u00edz Nativo.<\/p>\n\n\n\n<p>El 29 de septiembre, d\u00eda de la conmemoraci\u00f3n, las organizaciones del espacio realizar\u00e1n una jornada p\u00fablica en el z\u00f3calo de la ciudad de Oaxaca, con una exposici\u00f3n, p\u00e1nel, talleres, mesa informativa sobre transg\u00e9nicos, entre otras actividades. Aunque tambi\u00e9n han organizado un conversatorio para el 27 de septiembre y una calenda para el 30.<\/p>\n\n\n\n<figure class=\"wp-block-embed is-type-rich is-provider-twitter wp-block-embed-twitter\"><div class=\"wp-block-embed__wrapper\">\n<div class=\"twitter-tweet\"><blockquote class=\"twitter-tweet\" data-lang=\"es\"><p lang=\"es\" dir=\"ltr\">Organizaciones aglutinadas en el Espacio Estatal en Defensa del Ma\u00edz Nativo, entre ellas <a href=\"https:\/\/twitter.com\/laminuta?ref_src=twsrc%5Etfw\">@laminuta<\/a>, anunciaron la realizaci\u00f3n del D\u00eda Estatal del Ma\u00edz Nativo, que ser\u00e1 el 29 de septiembre en el z\u00f3calo de la ciudad de Oaxaca. <br>Detalles: \ud83d\udc47 <a href=\"https:\/\/t.co\/ynOKSF9Iaz\">pic.twitter.com\/ynOKSF9Iaz<\/a><\/p>&mdash; Zona Roja Oaxaca (@ZonaRoja_Oaxaca) <a href=\"https:\/\/twitter.com\/ZonaRoja_Oaxaca\/status\/1970928203289210995?ref_src=twsrc%5Etfw\">24 de septiembre de 2025<\/a><\/blockquote><\/div>\n<\/div><\/figure>\n\n\n\n<p>Durante la presentaci\u00f3n del programa, Doris Ver\u00f3nica Carmona, de la organizaci\u00f3n Educa, se\u00f1al\u00f3 que esta jornada de defensa del ma\u00edz nativo tambi\u00e9n se enmarca en un contexto de crisis clim\u00e1tica, de sequ\u00edas, de periodos de lluvia muy fuertes, prolongados o de ausencia de lluvias que determinan en muchos sentidos la posibilidad de alimentaci\u00f3n de las comunidades campesinas y de la subsistencia de las ciudades.<\/p>\n\n\n\n<p>Otras de las adversidades, dijo, es la pol\u00edtica del campo que propicia una individualizaci\u00f3n de la tierra, contraria al contexto comunitario. \u00abProgramas y pol\u00edticas que siguen generando paquetes de agroqu\u00edmicos que est\u00e1n llegando a las regiones y siguen debilitando al sistema milpa\u00bb.&nbsp;<\/p>\n\n\n\n<p>De igual manera, se enfrentan a un contexto de extractivismo por la miner\u00eda, las empresas e\u00f3licas y la refiner\u00eda, que no solamente generando el desplazamiento del territorio y del campo sino afectaciones ambientales. Incluso, observan un extractivismo cultural, que despoja y resta valor a la alimentaci\u00f3n tradicional y a otras manifestaciones culturales de las comunidades para apropi\u00e1rselos.<\/p>\n\n\n\n<p>VOCACI\u00d3N AGR\u00cdCOLA<\/p>\n\n\n\n<p>Por la producci\u00f3n de ma\u00edz, calabaza y sorgo, entre otros cultivos, el estado de Oaxaca es uno con vocaci\u00f3n agr\u00edcola y que tambi\u00e9n destaca por contar con 35 razas de ma\u00edz nativo. De acuerdo con el Censo Agropecuario 2022 del Instituto Nacional de Estad\u00edstica y Geograf\u00eda (INEGI), en el estado la superficie con uso o vocaci\u00f3n agropecuaria y la superficie de aprovechamiento forestal sumaron 3.8 millones de hect\u00e1reas en ese a\u00f1o.<\/p>\n\n\n\n<p>De estas hect\u00e1reas, 1.2 millones se destinaron a uso agr\u00edcola.<\/p>\n\n\n\n<p>El Censo Agropecuario 2022 del INEGI, muestra que en Oaxaca la actividad agr\u00edcola a cielo abierto tuvo como principales cultivos en 2022 el ma\u00edz de grano blanco, con una producci\u00f3n de 324 mil 337 toneladas; seguido de la calabaza\/calabacita, con 92 mil 105 toneladas; sorgo forrajero, 62 mil 77 hect\u00e1reas; ma\u00edz de grano amarillo, entre otros.<\/p>\n","protected":false},"excerpt":{"rendered":"<p>Lisbeth Mej\u00eda Reyes\/Zona Roja. Oaxaca, Oax., a 25 de septiembre de 2025.- El Espacio Estatal&hellip;<\/p>\n","protected":false},"author":2,"featured_media":85053,"comment_status":"closed","ping_status":"open","sticky":false,"template":"","format":"standard","meta":{"_lmt_disableupdate":"","_lmt_disable":"","_jetpack_memberships_contains_paid_content":false,"footnotes":""},"categories":[109,47],"tags":[2799],"class_list":["post-85052","post","type-post","status-publish","format-standard","has-post-thumbnail","hentry","category-minuto-a-minuto","category-zona-gris","tag-espacio-estatal-en-defensa-del-maiz-nativo"],"jetpack_featured_media_url":"https:\/\/zonaroja.com.mx\/wp-content\/uploads\/2025\/09\/Conferencia-dia-estatal-del-maiz.jpg","jetpack_sharing_enabled":true,"_links":{"self":[{"href":"https:\/\/zonaroja.com.mx\/index.php?rest_route=\/wp\/v2\/posts\/85052","targetHints":{"allow":["GET"]}}],"collection":[{"href":"https:\/\/zonaroja.com.mx\/index.php?rest_route=\/wp\/v2\/posts"}],"about":[{"href":"https:\/\/zonaroja.com.mx\/index.php?rest_route=\/wp\/v2\/types\/post"}],"author":[{"embeddable":true,"href":"https:\/\/zonaroja.com.mx\/index.php?rest_route=\/wp\/v2\/users\/2"}],"replies":[{"embeddable":true,"href":"https:\/\/zonaroja.com.mx\/index.php?rest_route=%2Fwp%2Fv2%2Fcomments&post=85052"}],"version-history":[{"count":1,"href":"https:\/\/zonaroja.com.mx\/index.php?rest_route=\/wp\/v2\/posts\/85052\/revisions"}],"predecessor-version":[{"id":85054,"href":"https:\/\/zonaroja.com.mx\/index.php?rest_route=\/wp\/v2\/posts\/85052\/revisions\/85054"}],"wp:featuredmedia":[{"embeddable":true,"href":"https:\/\/zonaroja.com.mx\/index.php?rest_route=\/wp\/v2\/media\/85053"}],"wp:attachment":[{"href":"https:\/\/zonaroja.com.mx\/index.php?rest_route=%2Fwp%2Fv2%2Fmedia&parent=85052"}],"wp:term":[{"taxonomy":"category","embeddable":true,"href":"https:\/\/zonaroja.com.mx\/index.php?rest_route=%2Fwp%2Fv2%2Fcategories&post=85052"},{"taxonomy":"post_tag","embeddable":true,"href":"https:\/\/zonaroja.com.mx\/index.php?rest_route=%2Fwp%2Fv2%2Ftags&post=85052"}],"curies":[{"name":"wp","href":"https:\/\/api.w.org\/{rel}","templated":true}]}}