{"id":85058,"date":"2025-09-25T11:30:00","date_gmt":"2025-09-25T17:30:00","guid":{"rendered":"https:\/\/zonaroja.com.mx\/?p=85058"},"modified":"2025-09-25T07:44:57","modified_gmt":"2025-09-25T13:44:57","slug":"aprueba-diputados-de-oaxaca-minutas-constitucionales-del-congreso-de-la-union","status":"publish","type":"post","link":"https:\/\/zonaroja.com.mx\/?p=85058","title":{"rendered":"Aprueba diputados de Oaxaca minutas constitucionales del Congreso de la Uni\u00f3n"},"content":{"rendered":"\n<p>Redacci\u00f3n\/Zona Roja.<\/p>\n\n\n\n<p>Oaxaca, Oax., a 25 de septiembre de 2025.- La 66 Legislatura de Oaxaca aval\u00f3 con 31 votos la minuta enviada por el Congreso de la Uni\u00f3n, correspondiente a la reforma al inciso a) de la fracci\u00f3n XXI del art\u00edculo 73 de la Constituci\u00f3n Pol\u00edtica de M\u00e9xico, en materia de extorsi\u00f3n.<\/p>\n\n\n\n<p>El dictamen refiere que la extorsi\u00f3n constituye un delito de alto impacto, cuyas repercusiones no se limitan a la afectaci\u00f3n individual, sino que afecta al patrimonio colectivo, la econom\u00eda nacional e incluso, tiene impacto negativo en la estabilidad emocional y psicol\u00f3gica de las personas afectadas.<\/p>\n\n\n\n<p>Tambi\u00e9n se destaca que luego de la reforma constitucional, la expedici\u00f3n de una ley general en materia de extorsi\u00f3n constituye un paso indispensable para crear un marco jur\u00eddico homog\u00e9neo que permitir\u00e1 establecer criterios uniformes de investigaci\u00f3n, persecuci\u00f3n y sanci\u00f3n, lo que reducir\u00e1 los espacios de impunidad y fortalecer\u00e1 la legitimidad del sistema de justicia penal.&nbsp;<\/p>\n\n\n\n<p>GRADOS SUPERIORES&nbsp;<\/p>\n\n\n\n<p>Tambi\u00e9n en la sesi\u00f3n extraordinaria de anoche, el Congreso del Estado aval\u00f3 en lo general y particular con 31 votos a favor y uno en contra, la minuta con Proyecto de Decreto remitida por el Congreso de la Uni\u00f3n en materia de ratificaci\u00f3n de grados superiores de la Guardia Nacional, por lo cual se reforman los art\u00edculos 76 y 78 de la Constituci\u00f3n Pol\u00edtica de M\u00e9xico.<\/p>\n\n\n\n<p>Con esta medida se ampl\u00edan las facultades de la C\u00e1mara de Senadores y, en su caso, de la Comisi\u00f3n Permanente del Congreso de la Uni\u00f3n, para ratificar los nombramientos de las personas con jerarqu\u00eda de coronel y dem\u00e1s con categor\u00eda de jefes superiores de la Guardia Nacional que, en su caso, realice la persona titular de la Presidencia de la Rep\u00fablica, e incorpora un lenguaje inclusivo.<\/p>\n\n\n\n<p>Lo anterior, con el fin de asegurar que todas las personas integrantes de la Fuerza Armada Permanente est\u00e9n sujetos al mismo tipo de control legislativo, adem\u00e1s de fortalecer el mecanismo de control parlamentario en materia de seguridad p\u00fablica y promueve la transparencia y la rendici\u00f3n de cuentas.<\/p>\n\n\n\n<p>La reforma incorpor\u00f3 dicho cuerpo policial a la Secretar\u00eda de la Defensa Nacional (Sedena), defini\u00e9ndolo como la fuerza de seguridad p\u00fablica, profesional, de car\u00e1cter permanente e integrada por personal militar con formaci\u00f3n policial, para ejecutar la Estrategia Nacional de Seguridad P\u00fablica en el \u00e1mbito de su competencia y como coadyuvante en la investigaci\u00f3n de los delitos bajo el mando y conducci\u00f3n del Ministerio P\u00fablico.<\/p>\n\n\n\n<p>En su intervenci\u00f3n en tribuna, el presidente de la Junta de Coordinaci\u00f3n Pol\u00edtica (Jucopo), diputado Benjam\u00edn Viveros Montalvo refiri\u00f3 que al aprobar esta minuta el Congreso local refrenda su compromiso con la solidez de las instituciones y con el fortalecimiento del Estado de Derecho.<\/p>\n\n\n\n<p>\u201cCon este voto se respalda un cambio que robustece la arquitectura constitucional, que fortalece el pacto federal y que contribuye a que la seguridad se construya sobre bases firmes de legalidad y equilibrio de poderes\u201d, subray\u00f3.<\/p>\n\n\n\n<p>Dijo que, la Guardia Nacional es una instituci\u00f3n que ha venido consolidando su presencia en todo el territorio, con la misi\u00f3n de salvaguardar la paz y garantizar condiciones de seguridad para la poblaci\u00f3n, por lo que, incorporarla de manera expl\u00edcita al r\u00e9gimen constitucional de control legislativo es un paso que brinda certeza jur\u00eddica, fortalece su estructura y otorga confianza al pueblo de M\u00e9xico respecto de la conducci\u00f3n de sus mandos superiores.<\/p>\n","protected":false},"excerpt":{"rendered":"<p>Redacci\u00f3n\/Zona Roja. Oaxaca, Oax., a 25 de septiembre de 2025.- La 66 Legislatura de Oaxaca&hellip;<\/p>\n","protected":false},"author":2,"featured_media":85062,"comment_status":"closed","ping_status":"open","sticky":false,"template":"","format":"standard","meta":{"_lmt_disableupdate":"","_lmt_disable":"","_jetpack_memberships_contains_paid_content":false,"footnotes":""},"categories":[109,46],"tags":[303],"class_list":["post-85058","post","type-post","status-publish","format-standard","has-post-thumbnail","hentry","category-minuto-a-minuto","category-zona-blanca","tag-congreso-del-estado-de-oaxaca"],"jetpack_featured_media_url":"https:\/\/zonaroja.com.mx\/wp-content\/uploads\/2025\/09\/Votacion-de-la-Minuta_Guardia-Nacional.jpeg","jetpack_sharing_enabled":true,"_links":{"self":[{"href":"https:\/\/zonaroja.com.mx\/index.php?rest_route=\/wp\/v2\/posts\/85058","targetHints":{"allow":["GET"]}}],"collection":[{"href":"https:\/\/zonaroja.com.mx\/index.php?rest_route=\/wp\/v2\/posts"}],"about":[{"href":"https:\/\/zonaroja.com.mx\/index.php?rest_route=\/wp\/v2\/types\/post"}],"author":[{"embeddable":true,"href":"https:\/\/zonaroja.com.mx\/index.php?rest_route=\/wp\/v2\/users\/2"}],"replies":[{"embeddable":true,"href":"https:\/\/zonaroja.com.mx\/index.php?rest_route=%2Fwp%2Fv2%2Fcomments&post=85058"}],"version-history":[{"count":1,"href":"https:\/\/zonaroja.com.mx\/index.php?rest_route=\/wp\/v2\/posts\/85058\/revisions"}],"predecessor-version":[{"id":85063,"href":"https:\/\/zonaroja.com.mx\/index.php?rest_route=\/wp\/v2\/posts\/85058\/revisions\/85063"}],"wp:featuredmedia":[{"embeddable":true,"href":"https:\/\/zonaroja.com.mx\/index.php?rest_route=\/wp\/v2\/media\/85062"}],"wp:attachment":[{"href":"https:\/\/zonaroja.com.mx\/index.php?rest_route=%2Fwp%2Fv2%2Fmedia&parent=85058"}],"wp:term":[{"taxonomy":"category","embeddable":true,"href":"https:\/\/zonaroja.com.mx\/index.php?rest_route=%2Fwp%2Fv2%2Fcategories&post=85058"},{"taxonomy":"post_tag","embeddable":true,"href":"https:\/\/zonaroja.com.mx\/index.php?rest_route=%2Fwp%2Fv2%2Ftags&post=85058"}],"curies":[{"name":"wp","href":"https:\/\/api.w.org\/{rel}","templated":true}]}}