{"id":85064,"date":"2025-09-25T11:53:00","date_gmt":"2025-09-25T17:53:00","guid":{"rendered":"https:\/\/zonaroja.com.mx\/?p=85064"},"modified":"2025-09-25T07:57:13","modified_gmt":"2025-09-25T13:57:13","slug":"oaxaca-registra-una-de-las-tasas-mas-altas-de-fecundidad-en-adolescentes","status":"publish","type":"post","link":"https:\/\/zonaroja.com.mx\/?p=85064","title":{"rendered":"Oaxaca registra una de las tasas m\u00e1s altas de fecundidad en adolescentes"},"content":{"rendered":"\n<p>Lisbeth Mej\u00eda Reyes\/Zona Roja.<\/p>\n\n\n\n<p>Oaxaca, Oax., a 25 de septiembre de 2025.- El estado de Oaxaca se ubica entre los primeros del pa\u00eds con las tasas m\u00e1s altas de fecundidad de mujeres adolescentes. Esta es una problem\u00e1tica que se busca erradicar a fin de evitar los impactos negativos de los embarazos en la educaci\u00f3n, desarrollo social y econ\u00f3mico de este sector de la poblaci\u00f3n.<\/p>\n\n\n\n<p>De acuerdo con el Instituto Nacional de Estad\u00edstica y Geograf\u00eda (Inegi), en la entidad se estima que hasta el a\u00f1o 2023 la tasa de fecundidad era de 64 nacimientos vivos por cada mil mujeres adolescentes (de entre 15 y 19 a\u00f1os de edad).&nbsp;<\/p>\n\n\n\n<p>Es decir, que esos 64 beb\u00e9s hab\u00edan nacido de madres adolescentes que en muchos de los casos no hab\u00edan planeado embarazarse y que tampoco hab\u00edan accedido o tenido informaci\u00f3n sobre los m\u00e9todos anticonceptivos.<\/p>\n\n\n\n<p>A nivel nacional, y basado en los resultados de la Encuesta Nacional de la Din\u00e1mica Demogr\u00e1fica (Ensdid), el Inegi report\u00f3 que hasta el 2023 la tasa espec\u00edfica de fecundidad en las adolescentes fue de 45.2 nacimientos por cada mil mujeres de 15 a 19 a\u00f1os. Entre las adolescentes hablantes de lengua ind\u00edgena, fue el doble (90.3).<\/p>\n\n\n\n<p>Por entidad federativa, las m\u00e1s altas tasas de fecundidad fueron en Guerrero (82.1), Chiapas (78.6), Zacatecas (74.4) y Durango (71.5), con m\u00e1s de 70 nacimientos por cada mil mujeres de 15 a 19 a\u00f1os.<\/p>\n\n\n\n<p>A estos estados siguen Michoac\u00e1n(68.5), Oaxaca (64) y Coahuila (59.7). En contraste, las tasas m\u00e1s bajas se registraron en Ciudad de M\u00e9xico (19.2), Quintana Roo (39.1), Baja California Sur y Quer\u00e9taro, ambas con 39.4 nacimientos, reporta el instituto a prop\u00f3sito del D\u00eda Mundial de Prevenci\u00f3n del Embarazo en Adolescentes, que se conmemora cada 26 de septiembre. Esta es una fecha que invita a reflexionar y plantear pol\u00edticas p\u00fablicas sobre la importancia de los embarazos en este sector de la poblaci\u00f3n, a fin de que las y los adolescentes ejerzan una sexualidad libre y sin riesgos.<\/p>\n\n\n\n<p>El gobierno federal se\u00f1ala que este d\u00eda fue instaurado por primera vez en M\u00e9xico en 2006, \u00abcon el prop\u00f3sito de sensibilizar a la poblaci\u00f3n en general respecto a este tema que impacta la salud y el desarrollo social y econ\u00f3mico de la poblaci\u00f3n\u00bb. Oficialmente la conmemoraci\u00f3n de este d\u00eda fue aprobado en la C\u00e1mara de Diputados el 8 de diciembre de 2011, refiere en su sitio web.<\/p>\n","protected":false},"excerpt":{"rendered":"<p>Lisbeth Mej\u00eda Reyes\/Zona Roja. Oaxaca, Oax., a 25 de septiembre de 2025.- El estado de&hellip;<\/p>\n","protected":false},"author":2,"featured_media":85065,"comment_status":"closed","ping_status":"open","sticky":false,"template":"","format":"standard","meta":{"_lmt_disableupdate":"","_lmt_disable":"","_jetpack_memberships_contains_paid_content":false,"footnotes":""},"categories":[109,47],"tags":[186],"class_list":["post-85064","post","type-post","status-publish","format-standard","has-post-thumbnail","hentry","category-minuto-a-minuto","category-zona-gris","tag-embarazo-adolescente"],"jetpack_featured_media_url":"https:\/\/zonaroja.com.mx\/wp-content\/uploads\/2025\/09\/Embarazo-adolescente.jpeg","jetpack_sharing_enabled":true,"_links":{"self":[{"href":"https:\/\/zonaroja.com.mx\/index.php?rest_route=\/wp\/v2\/posts\/85064","targetHints":{"allow":["GET"]}}],"collection":[{"href":"https:\/\/zonaroja.com.mx\/index.php?rest_route=\/wp\/v2\/posts"}],"about":[{"href":"https:\/\/zonaroja.com.mx\/index.php?rest_route=\/wp\/v2\/types\/post"}],"author":[{"embeddable":true,"href":"https:\/\/zonaroja.com.mx\/index.php?rest_route=\/wp\/v2\/users\/2"}],"replies":[{"embeddable":true,"href":"https:\/\/zonaroja.com.mx\/index.php?rest_route=%2Fwp%2Fv2%2Fcomments&post=85064"}],"version-history":[{"count":1,"href":"https:\/\/zonaroja.com.mx\/index.php?rest_route=\/wp\/v2\/posts\/85064\/revisions"}],"predecessor-version":[{"id":85066,"href":"https:\/\/zonaroja.com.mx\/index.php?rest_route=\/wp\/v2\/posts\/85064\/revisions\/85066"}],"wp:featuredmedia":[{"embeddable":true,"href":"https:\/\/zonaroja.com.mx\/index.php?rest_route=\/wp\/v2\/media\/85065"}],"wp:attachment":[{"href":"https:\/\/zonaroja.com.mx\/index.php?rest_route=%2Fwp%2Fv2%2Fmedia&parent=85064"}],"wp:term":[{"taxonomy":"category","embeddable":true,"href":"https:\/\/zonaroja.com.mx\/index.php?rest_route=%2Fwp%2Fv2%2Fcategories&post=85064"},{"taxonomy":"post_tag","embeddable":true,"href":"https:\/\/zonaroja.com.mx\/index.php?rest_route=%2Fwp%2Fv2%2Ftags&post=85064"}],"curies":[{"name":"wp","href":"https:\/\/api.w.org\/{rel}","templated":true}]}}