{"id":85067,"date":"2025-09-25T13:01:00","date_gmt":"2025-09-25T19:01:00","guid":{"rendered":"https:\/\/zonaroja.com.mx\/?p=85067"},"modified":"2025-09-25T08:03:32","modified_gmt":"2025-09-25T14:03:32","slug":"con-dialogos-vecinales-oaxaca-de-juarez-consolida-gobierno-cercano-a-la-gente","status":"publish","type":"post","link":"https:\/\/zonaroja.com.mx\/?p=85067","title":{"rendered":"Con di\u00e1logos vecinales, Oaxaca de Ju\u00e1rez consolida gobierno cercano a la gente"},"content":{"rendered":"\n<p>Redacci\u00f3n\/Zona Roja.<\/p>\n\n\n\n<p>Oaxaca, Oax., a 25 de septiembre de 2025.\u2013 Con la realizaci\u00f3n con el Di\u00e1logo Vecinal n\u00famero 17 en las instalaciones del DIF Municipal, ubicadas en el Infonavit Primero de Mayo, el ayuntamiento de Oaxaca de Ju\u00e1rez reafirm\u00f3 su compromiso de ser un gobierno de territorio, cercano y sensible a las necesidades de la ciudadan\u00eda.<\/p>\n\n\n\n<p>En esta jornada, encabezada por el presidente municipal Ray Chagoya y con la participaci\u00f3n de la presidenta honoraria del DIF Municipal, Gaby Garc\u00eda, se atendieron las peticiones de vecinas y vecinos, en su mayor\u00eda personas mayores.&nbsp;<\/p>\n\n\n\n<p>Es importante mencionar que se tiene un balance acumulado de m\u00e1s de 15 mil personas atendidas y 3 mil solicitudes recibidas desde el inicio de la administraci\u00f3n a lo largo de este ejercicio de participaci\u00f3n ciudadana.<\/p>\n\n\n\n<p>Las y los asistentes contaron con una mesa especial de atenci\u00f3n sobre el programa \u201cSeptiembre, mes del testamento\u201d, y de servicios de la Fiscalia &nbsp;General del Estado (FGEO), adem\u00e1s de acceder a servicios como la vacunaci\u00f3n para mascotas, entre otras acciones que fortalecen el bienestar en los barrios, colonias y agencias de la capital.<\/p>\n\n\n\n<p>Con este esfuerzo, el Gobierno Municipal impulsa un ejercicio de cercan\u00eda que escucha, atiende y da respuesta directa a la voz de vecinas y vecinos, consolidando as\u00ed una ciudad con m\u00e1s orden, energ\u00eda y participaci\u00f3n.<\/p>\n","protected":false},"excerpt":{"rendered":"<p>Redacci\u00f3n\/Zona Roja. Oaxaca, Oax., a 25 de septiembre de 2025.\u2013 Con la realizaci\u00f3n con el&hellip;<\/p>\n","protected":false},"author":2,"featured_media":85068,"comment_status":"closed","ping_status":"open","sticky":false,"template":"","format":"standard","meta":{"_lmt_disableupdate":"","_lmt_disable":"","_jetpack_memberships_contains_paid_content":false,"footnotes":""},"categories":[109,51],"tags":[4403],"class_list":["post-85067","post","type-post","status-publish","format-standard","has-post-thumbnail","hentry","category-minuto-a-minuto","category-zona-roja","tag-ray-chagoya"],"jetpack_featured_media_url":"https:\/\/zonaroja.com.mx\/wp-content\/uploads\/2025\/09\/Dialogos-vecinales-Oaxaca-de-Juarez.jpg","jetpack_sharing_enabled":true,"_links":{"self":[{"href":"https:\/\/zonaroja.com.mx\/index.php?rest_route=\/wp\/v2\/posts\/85067","targetHints":{"allow":["GET"]}}],"collection":[{"href":"https:\/\/zonaroja.com.mx\/index.php?rest_route=\/wp\/v2\/posts"}],"about":[{"href":"https:\/\/zonaroja.com.mx\/index.php?rest_route=\/wp\/v2\/types\/post"}],"author":[{"embeddable":true,"href":"https:\/\/zonaroja.com.mx\/index.php?rest_route=\/wp\/v2\/users\/2"}],"replies":[{"embeddable":true,"href":"https:\/\/zonaroja.com.mx\/index.php?rest_route=%2Fwp%2Fv2%2Fcomments&post=85067"}],"version-history":[{"count":1,"href":"https:\/\/zonaroja.com.mx\/index.php?rest_route=\/wp\/v2\/posts\/85067\/revisions"}],"predecessor-version":[{"id":85069,"href":"https:\/\/zonaroja.com.mx\/index.php?rest_route=\/wp\/v2\/posts\/85067\/revisions\/85069"}],"wp:featuredmedia":[{"embeddable":true,"href":"https:\/\/zonaroja.com.mx\/index.php?rest_route=\/wp\/v2\/media\/85068"}],"wp:attachment":[{"href":"https:\/\/zonaroja.com.mx\/index.php?rest_route=%2Fwp%2Fv2%2Fmedia&parent=85067"}],"wp:term":[{"taxonomy":"category","embeddable":true,"href":"https:\/\/zonaroja.com.mx\/index.php?rest_route=%2Fwp%2Fv2%2Fcategories&post=85067"},{"taxonomy":"post_tag","embeddable":true,"href":"https:\/\/zonaroja.com.mx\/index.php?rest_route=%2Fwp%2Fv2%2Ftags&post=85067"}],"curies":[{"name":"wp","href":"https:\/\/api.w.org\/{rel}","templated":true}]}}