{"id":85070,"date":"2025-09-25T12:03:00","date_gmt":"2025-09-25T18:03:00","guid":{"rendered":"https:\/\/zonaroja.com.mx\/?p=85070"},"modified":"2025-09-25T08:12:53","modified_gmt":"2025-09-25T14:12:53","slug":"detienen-a-38-de-la-luz-del-mundo-en-michoacan-con-arsenal-de-plastico","status":"publish","type":"post","link":"https:\/\/zonaroja.com.mx\/?p=85070","title":{"rendered":"Detienen a 38 de La Luz del Mundo en Michoac\u00e1n con \u2018arsenal\u2019 de pl\u00e1stico"},"content":{"rendered":"\n<p>Redacci\u00f3n\/Zona Roja.<\/p>\n\n\n\n<p>Ciudad de M\u00e9xico, a 25 de septiembre de 2025.- El operativo desplegado por fuerzas estatales y federales parec\u00eda de alto riesgo: 38 presuntos integrantes de la iglesia La Luz del Mundo fueron sorprendidos en un campamento con un supuesto arsenal y equipo t\u00e1ctico. Pero el recuento final fue menos de pel\u00edcula: solo una de las armas era aut\u00e9ntica; las otras 19 resultaron simples r\u00e9plicas de pl\u00e1stico.<\/p>\n\n\n\n<p>La Secretar\u00eda de Seguridad P\u00fablica de Michoac\u00e1n inform\u00f3 que en el lugar se asegur\u00f3 una pistola autom\u00e1tica calibre 9 mil\u00edmetros \u2014conocida popularmente como escuadra\u2014, casi una veintena de imitaciones, as\u00ed como cuchillos, chalecos y radios. Entre los detenidos hay 37 mexicanos y un ciudadano estadounidense.<\/p>\n\n\n\n<p>Fuentes del gabinete de seguridad federal confirmaron que se abri\u00f3 una carpeta de investigaci\u00f3n por la posesi\u00f3n de la pistola 9 mm, al tratarse de una probable violaci\u00f3n a la Ley Federal de Armas de Fuego y Explosivos; y por lo que hace a los detenidos, ninguno de ellos cuenta con orden de aprehensi\u00f3n.<\/p>\n\n\n\n<p>Las autoridades estatales relataron que el grupo aseguraba estar preparado para \u201cel fin del mundo\u201d y que el material era para proteger templos y l\u00edderes de la congregaci\u00f3n. Sin embargo, no acreditaron la legalidad ni del campamento ni de la \u00fanica arma real, mientras las dem\u00e1s \u201cmetralletas\u201d no pasaban de ser utiler\u00eda.<\/p>\n\n\n\n<p>El operativo fue coordinado por la Guardia Civil, el Ej\u00e9rcito, la Guardia Nacional, la Fiscal\u00eda estatal y polic\u00edas municipales. Los 38 detenidos quedaron a disposici\u00f3n de la Fiscal\u00eda General de la Rep\u00fablica.<\/p>\n\n\n\n<p>La captura ocurre en un momento de tensi\u00f3n para la iglesia, cuyo l\u00edder, Naas\u00f3n Joaqu\u00edn Garc\u00eda, enfrenta en Estados Unidos cargos de crimen organizado y abuso sexual.<\/p>\n\n\n\n<p>El autonombrado Ap\u00f3stol de Jesucristo compareci\u00f3 ante la jueza de distrito Loretta Preska, en la sala 12A del tribunal de Manhattan, para la lectura de cargos. La audiencia fue breve, de unos 15 minutos. Garc\u00eda, vestido con traje de reo color beige y con grilletes en los pies, luc\u00eda visiblemente m\u00e1s canoso que en su \u00faltima aparici\u00f3n p\u00fablica, ocurrida en junio de 2022 en una corte de California.<\/p>\n\n\n\n<p>(Informaci\u00f3n de \u201cPol\u00edtico.Mx\u201d)<\/p>\n","protected":false},"excerpt":{"rendered":"<p>Redacci\u00f3n\/Zona Roja. Ciudad de M\u00e9xico, a 25 de septiembre de 2025.- El operativo desplegado por&hellip;<\/p>\n","protected":false},"author":2,"featured_media":85071,"comment_status":"closed","ping_status":"open","sticky":false,"template":"","format":"standard","meta":{"_lmt_disableupdate":"","_lmt_disable":"","_jetpack_memberships_contains_paid_content":false,"footnotes":""},"categories":[109,47],"tags":[4469],"class_list":["post-85070","post","type-post","status-publish","format-standard","has-post-thumbnail","hentry","category-minuto-a-minuto","category-zona-gris","tag-luz-del-mundo"],"jetpack_featured_media_url":"https:\/\/zonaroja.com.mx\/wp-content\/uploads\/2025\/09\/Detenidos-Luz-del-Mundo-Michoacan.jpeg.avif","jetpack_sharing_enabled":true,"_links":{"self":[{"href":"https:\/\/zonaroja.com.mx\/index.php?rest_route=\/wp\/v2\/posts\/85070","targetHints":{"allow":["GET"]}}],"collection":[{"href":"https:\/\/zonaroja.com.mx\/index.php?rest_route=\/wp\/v2\/posts"}],"about":[{"href":"https:\/\/zonaroja.com.mx\/index.php?rest_route=\/wp\/v2\/types\/post"}],"author":[{"embeddable":true,"href":"https:\/\/zonaroja.com.mx\/index.php?rest_route=\/wp\/v2\/users\/2"}],"replies":[{"embeddable":true,"href":"https:\/\/zonaroja.com.mx\/index.php?rest_route=%2Fwp%2Fv2%2Fcomments&post=85070"}],"version-history":[{"count":1,"href":"https:\/\/zonaroja.com.mx\/index.php?rest_route=\/wp\/v2\/posts\/85070\/revisions"}],"predecessor-version":[{"id":85072,"href":"https:\/\/zonaroja.com.mx\/index.php?rest_route=\/wp\/v2\/posts\/85070\/revisions\/85072"}],"wp:featuredmedia":[{"embeddable":true,"href":"https:\/\/zonaroja.com.mx\/index.php?rest_route=\/wp\/v2\/media\/85071"}],"wp:attachment":[{"href":"https:\/\/zonaroja.com.mx\/index.php?rest_route=%2Fwp%2Fv2%2Fmedia&parent=85070"}],"wp:term":[{"taxonomy":"category","embeddable":true,"href":"https:\/\/zonaroja.com.mx\/index.php?rest_route=%2Fwp%2Fv2%2Fcategories&post=85070"},{"taxonomy":"post_tag","embeddable":true,"href":"https:\/\/zonaroja.com.mx\/index.php?rest_route=%2Fwp%2Fv2%2Ftags&post=85070"}],"curies":[{"name":"wp","href":"https:\/\/api.w.org\/{rel}","templated":true}]}}