{"id":85074,"date":"2025-09-25T16:02:24","date_gmt":"2025-09-25T22:02:24","guid":{"rendered":"https:\/\/zonaroja.com.mx\/?p=85074"},"modified":"2025-09-25T16:02:26","modified_gmt":"2025-09-25T22:02:26","slug":"muere-segundo-adulto-mayor-atropellado-garantiza-apoyo-el-ayuntamiento","status":"publish","type":"post","link":"https:\/\/zonaroja.com.mx\/?p=85074","title":{"rendered":"Muere segundo adulto mayor atropellado; garantiza apoyo el ayuntamiento\u00a0"},"content":{"rendered":"\n<p>Raymundo Morales\/Zona Roja.<\/p>\n\n\n\n<p>Oaxaca, Oax., a 25 de septiembre de 2025.- La segunda persona adulta mayor atropellada ayer en inmediaciones del centro comercial Plaza Bella, ciudad de Oaxaca, perdi\u00f3 la vida a causa de las m\u00faltiples lesiones.<\/p>\n\n\n\n<p>La familia confirm\u00f3 el deceso del se\u00f1or Gudelia M. O., cuando era atendido en un hospital, mientras que ayer durante los hechos, falleci\u00f3 la se\u00f1ora Ricarda Reyna V. C., ambos personas de la tercera edad.<\/p>\n\n\n\n<p>Este d\u00eda, a trav\u00e9s de un comunicado, el ayuntamiento capitalino reiter\u00f3 su pesar por el fallecimiento y expres\u00f3 su solidaridad a las familias que atraviesan este momento de dolor.<\/p>\n\n\n\n<p>Indic\u00f3 que el lugar del accidente se hicieron presentes cuerpos de emergencia, la Polic\u00eda Municipal, la aseguradora y personal de las \u00e1reas de Patrimonio, Consejer\u00eda Jur\u00eddica, Movilidad y Servicios Vecinales del Ayuntamiento, para brindar auxilio y dar seguimiento a los protocolos correspondientes.<\/p>\n\n\n\n<p>\u201cEl conductor de la unidad recolectora de residuos, adscrita a la Secretar\u00eda de Servicios Vecinales, fue detenido conforme a los procedimientos de ley y se encuentra a disposici\u00f3n de la Fiscal\u00eda General del Estado, instancia que lleva a cabo la investigaci\u00f3n y determinar\u00e1 las responsabilidades del caso.<\/p>\n\n\n\n<p>\u201cEl seguro de la unidad fue activado de inmediato para cubrir la atenci\u00f3n m\u00e9dica de una de las personas lesionadas.&nbsp;<\/p>\n\n\n\n<p>\u201cSin embargo, al confirmarse su lamentable fallecimiento, el procedimiento de cobertura pas\u00f3 a indemnizaci\u00f3n por deceso. Conforme a la normatividad, este proceso se har\u00e1 efectivo una vez que la autoridad competente emita la resoluci\u00f3n sobre las responsabilidades jur\u00eddicas\u201d, expuso en su comunicado.<\/p>\n\n\n\n<p>Agreg\u00f3 que para agilizar este tr\u00e1mite, el presidente municipal Ray Chagoya instruy\u00f3 al \u00e1rea jur\u00eddica del ayuntamiento dar puntual seguimiento y mantener comunicaci\u00f3n permanente con la aseguradora, a fin de que la cobertura se haga v\u00e1lida en el menor tiempo posible.<\/p>\n\n\n\n<p>\u201cEl ayuntamiento mantiene comunicaci\u00f3n con los familiares de las v\u00edctimas, con quienes se acord\u00f3 sostener una reuni\u00f3n en los pr\u00f3ximos d\u00edas para dar continuidad al acompa\u00f1amiento y respaldo institucional, siempre respetando sus tiempos de duelo.<\/p>\n\n\n\n<p>\u201cAsimismo, se inici\u00f3 la revisi\u00f3n de los protocolos de operaci\u00f3n y la capacitaci\u00f3n de los operadores de veh\u00edculos municipales para prevenir hechos de esta naturaleza.<\/p>\n\n\n\n<p>\u201cPor respeto a la memoria de las v\u00edctimas y a sus seres queridos, el ayuntamiento exhorta a la ciudadan\u00eda y a los medios de comunicaci\u00f3n a no caer en especulaciones ni juicios anticipados. La administraci\u00f3n municipal conducir\u00e1 este caso con transparencia, responsabilidad y sensibilidad, siempre al lado de la ciudadan\u00eda\u201d, a\u00f1adi\u00f3 la autoridad municipal.<\/p>\n","protected":false},"excerpt":{"rendered":"<p>Raymundo Morales\/Zona Roja. Oaxaca, Oax., a 25 de septiembre de 2025.- La segunda persona adulta&hellip;<\/p>\n","protected":false},"author":2,"featured_media":85075,"comment_status":"closed","ping_status":"open","sticky":false,"template":"","format":"standard","meta":{"_lmt_disableupdate":"","_lmt_disable":"","_jetpack_memberships_contains_paid_content":false,"footnotes":""},"categories":[109,47],"tags":[148],"class_list":["post-85074","post","type-post","status-publish","format-standard","has-post-thumbnail","hentry","category-minuto-a-minuto","category-zona-gris","tag-oaxaca-de-juarez"],"jetpack_featured_media_url":"https:\/\/zonaroja.com.mx\/wp-content\/uploads\/2025\/09\/Atropellados-y-muertos-ciudad-de-Oaxaca.jpg","jetpack_sharing_enabled":true,"_links":{"self":[{"href":"https:\/\/zonaroja.com.mx\/index.php?rest_route=\/wp\/v2\/posts\/85074","targetHints":{"allow":["GET"]}}],"collection":[{"href":"https:\/\/zonaroja.com.mx\/index.php?rest_route=\/wp\/v2\/posts"}],"about":[{"href":"https:\/\/zonaroja.com.mx\/index.php?rest_route=\/wp\/v2\/types\/post"}],"author":[{"embeddable":true,"href":"https:\/\/zonaroja.com.mx\/index.php?rest_route=\/wp\/v2\/users\/2"}],"replies":[{"embeddable":true,"href":"https:\/\/zonaroja.com.mx\/index.php?rest_route=%2Fwp%2Fv2%2Fcomments&post=85074"}],"version-history":[{"count":1,"href":"https:\/\/zonaroja.com.mx\/index.php?rest_route=\/wp\/v2\/posts\/85074\/revisions"}],"predecessor-version":[{"id":85076,"href":"https:\/\/zonaroja.com.mx\/index.php?rest_route=\/wp\/v2\/posts\/85074\/revisions\/85076"}],"wp:featuredmedia":[{"embeddable":true,"href":"https:\/\/zonaroja.com.mx\/index.php?rest_route=\/wp\/v2\/media\/85075"}],"wp:attachment":[{"href":"https:\/\/zonaroja.com.mx\/index.php?rest_route=%2Fwp%2Fv2%2Fmedia&parent=85074"}],"wp:term":[{"taxonomy":"category","embeddable":true,"href":"https:\/\/zonaroja.com.mx\/index.php?rest_route=%2Fwp%2Fv2%2Fcategories&post=85074"},{"taxonomy":"post_tag","embeddable":true,"href":"https:\/\/zonaroja.com.mx\/index.php?rest_route=%2Fwp%2Fv2%2Ftags&post=85074"}],"curies":[{"name":"wp","href":"https:\/\/api.w.org\/{rel}","templated":true}]}}