{"id":85077,"date":"2025-09-25T17:55:31","date_gmt":"2025-09-25T23:55:31","guid":{"rendered":"https:\/\/zonaroja.com.mx\/?p=85077"},"modified":"2025-09-25T17:55:34","modified_gmt":"2025-09-25T23:55:34","slug":"denuncian-trabajadores-que-el-conalep-encubre-a-funcionaria-acusada","status":"publish","type":"post","link":"https:\/\/zonaroja.com.mx\/?p=85077","title":{"rendered":"Denuncian trabajadores que el Conalep encubre a funcionaria acusada"},"content":{"rendered":"\n<p>Raymundo Morales\/Zona Roja.<\/p>\n\n\n\n<p>Oaxaca, Oax., a 25 de septiembre de 2025.- Trabajadores del Colegio Nacional de Educaci\u00f3n Profesional T\u00e9cnica (Conalep) en Oaxaca lamentaron que la direcci\u00f3n nacional de ese organismo encubra a Rub\u00ed Vega Mart\u00ednez, denunciada por violencia y acoso laboral.<\/p>\n\n\n\n<p>Dicha medida pone en entredicho la seriedad institucional con que el organismo maneja sus responsabilidades hacia los alumnos y la comunidad educativa, expusieron.&nbsp;<\/p>\n\n\n\n<p>Y es que hay antecedentes de ello: un oficio oficial del Instituto Estatal de Educaci\u00f3n P\u00fablica de Oaxaca ((EEPO), fechado el 14 de enero de 2016, revela que Vega Mart\u00ednez fue notificada de su puesta a disposici\u00f3n y dej\u00f3 de ser trabajadora adscrita a la Escuela Normal Rural Vanguardia.&nbsp;<\/p>\n\n\n\n<p>El documento, firmado por el entonces director Valeriano Cruz Cervantes, se\u00f1ala que la medida deriv\u00f3 de un conflicto protagonizado por la docente en su \u00e1rea laboral, motivo suficiente para que se diera por concluida su comisi\u00f3n en octubre de 2015.<\/p>\n\n\n\n<p>En dicho oficio se especifica que la trabajadora se encontraba en la categor\u00eda de Jefe de Mesa \u00abB\u00bb, y que la decisi\u00f3n se fundament\u00f3 en el Reglamento Interno del IEEPO, el cual faculta a las autoridades a retirar de sus funciones a personal que haya incurrido en actos de indisciplina o conflicto laboral.\u00a0<\/p>\n\n\n\n<p>Pese a estos antecedentes administrativos que cuestionan su integridad profesional, el Conalep nacional la mantiene en funciones, lo que abre un debate inc\u00f3modo: \u00bfc\u00f3mo puede una instituci\u00f3n que se presenta como garante de la educaci\u00f3n t\u00e9cnica y profesional sostener en el cargo a alguien con historial de sanciones documentadas?<\/p>\n\n\n\n<p>Acusaron que el contraste es grave si se toma en cuenta que el Conalep enfrenta m\u00faltiples denuncias de acoso escolar y violencia contra estudiantes. Resulta incongruente que, mientras la comunidad estudiantil exige respeto, cuidado y disciplina, las autoridades den cabida a una persona que arrastra se\u00f1alamientos formales desde hace casi una d\u00e9cada.<\/p>\n\n\n\n<p>\u201cMantener a Rub\u00ed Vega Mart\u00ednez en funciones dentro del Conalep, a sabiendas de su historial de conflictos laborales y sanciones formales, no solo es un acto de negligencia institucional: es un insulto a los alumnos que d\u00eda a d\u00eda padecen acoso y violencia en las aulas\u201d, expusieron.<\/p>\n\n\n\n<p>El contraste es grave si se toma en cuenta que Conalep enfrenta m\u00faltiples denuncias de acoso escolar y violencia contra estudiantes.&nbsp;<\/p>\n\n\n\n<p>\u201cResulta incongruente que, mientras la comunidad estudiantil exige respeto, cuidado y disciplina, las autoridades den cabida a una persona que arrastra se\u00f1alamientos formales desde hace casi una d\u00e9cada.<\/p>\n\n\n\n<p>\u201cMantener a Rub\u00ed Vega Mart\u00ednez en funciones dentro del Conalep, a sabiendas de su historial de conflictos laborales y sanciones formales, no solo es un acto de negligencia institucional: es un insulto a los alumnos que d\u00eda a d\u00eda padecen acoso y violencia en las aulas\u201d.<\/p>\n\n\n\n<p>Expusieron que con estos antecedentes, no deber\u00eda estar a cargo de la formaci\u00f3n de j\u00f3venes; hacerlo equivale a encomendar la educaci\u00f3n a quien ya demostr\u00f3 no saber respetar ni la norma ni la dignidad de sus compa\u00f1eros. Una verg\u00fcenza que convierte al Conalep en c\u00f3mplice por omisi\u00f3n y en guardi\u00e1n de la impunidad.<\/p>\n","protected":false},"excerpt":{"rendered":"<p>Raymundo Morales\/Zona Roja. Oaxaca, Oax., a 25 de septiembre de 2025.- Trabajadores del Colegio Nacional&hellip;<\/p>\n","protected":false},"author":2,"featured_media":85078,"comment_status":"closed","ping_status":"open","sticky":false,"template":"","format":"standard","meta":{"_lmt_disableupdate":"","_lmt_disable":"","_jetpack_memberships_contains_paid_content":false,"footnotes":""},"categories":[109,47],"tags":[1763],"class_list":["post-85077","post","type-post","status-publish","format-standard","has-post-thumbnail","hentry","category-minuto-a-minuto","category-zona-gris","tag-colegio-nacional-de-educacion-profesional-conalep"],"jetpack_featured_media_url":"https:\/\/zonaroja.com.mx\/wp-content\/uploads\/2025\/09\/Conalep-delegada.jpg","jetpack_sharing_enabled":true,"_links":{"self":[{"href":"https:\/\/zonaroja.com.mx\/index.php?rest_route=\/wp\/v2\/posts\/85077","targetHints":{"allow":["GET"]}}],"collection":[{"href":"https:\/\/zonaroja.com.mx\/index.php?rest_route=\/wp\/v2\/posts"}],"about":[{"href":"https:\/\/zonaroja.com.mx\/index.php?rest_route=\/wp\/v2\/types\/post"}],"author":[{"embeddable":true,"href":"https:\/\/zonaroja.com.mx\/index.php?rest_route=\/wp\/v2\/users\/2"}],"replies":[{"embeddable":true,"href":"https:\/\/zonaroja.com.mx\/index.php?rest_route=%2Fwp%2Fv2%2Fcomments&post=85077"}],"version-history":[{"count":1,"href":"https:\/\/zonaroja.com.mx\/index.php?rest_route=\/wp\/v2\/posts\/85077\/revisions"}],"predecessor-version":[{"id":85079,"href":"https:\/\/zonaroja.com.mx\/index.php?rest_route=\/wp\/v2\/posts\/85077\/revisions\/85079"}],"wp:featuredmedia":[{"embeddable":true,"href":"https:\/\/zonaroja.com.mx\/index.php?rest_route=\/wp\/v2\/media\/85078"}],"wp:attachment":[{"href":"https:\/\/zonaroja.com.mx\/index.php?rest_route=%2Fwp%2Fv2%2Fmedia&parent=85077"}],"wp:term":[{"taxonomy":"category","embeddable":true,"href":"https:\/\/zonaroja.com.mx\/index.php?rest_route=%2Fwp%2Fv2%2Fcategories&post=85077"},{"taxonomy":"post_tag","embeddable":true,"href":"https:\/\/zonaroja.com.mx\/index.php?rest_route=%2Fwp%2Fv2%2Ftags&post=85077"}],"curies":[{"name":"wp","href":"https:\/\/api.w.org\/{rel}","templated":true}]}}