{"id":8508,"date":"2020-02-06T22:00:19","date_gmt":"2020-02-07T04:00:19","guid":{"rendered":"http:\/\/www.zonaroja.com.mx\/?p=8508"},"modified":"2020-02-06T22:00:22","modified_gmt":"2020-02-07T04:00:22","slug":"carceles-sobreviven-en-la-precariedad-y-violentan-los-derechos-humanos-onu","status":"publish","type":"post","link":"https:\/\/zonaroja.com.mx\/?p=8508","title":{"rendered":"C\u00e1rceles sobreviven en la precariedad y violentan los Derechos Humanos: ONU"},"content":{"rendered":"\n<p>Evlin\nArag\u00f3n\/Zona Roja.<\/p>\n\n\n\n<p>Oaxaca\nde Ju\u00e1rez, Oax., Octavio Amezcua Noriega, experto en tortura al interior del Sistema\nPenitenciario de la Oficina en M\u00e9xico del Alto Comisionado de las Naciones\nUnidas para los Derechos Humanos (OACNUDH), asegur\u00f3 que en M\u00e9xico las c\u00e1rceles\npresentan alto grado de precariedad, lo que complica que se respeten las\ngarant\u00edas de las personas al interior e incremente el riesgo de actos de\ntortura.<\/p>\n\n\n\n<p>Lo\nanterior lo expuso en el marco de la presentaci\u00f3n del informe \u201cImpunidad y\nnegaci\u00f3n de la tortura en Oaxaca\u201d, que se llev\u00f3 a cabo este jueves y fue\ncoordinado en la entidad por la organizaci\u00f3n social C\u00f3digo DH, as\u00ed como el\ninicio del Programa B\u00e1sico de Sensibilizaci\u00f3n y Capacitaci\u00f3n sobre Derechos\nHumanos el cual se realizar\u00e1 durante este mes y estar\u00e1 dirigido a personal de\nla Subsecretar\u00eda de Reinserci\u00f3n Social, de la Secretar\u00eda de Seguridad P\u00fablica.<\/p>\n\n\n\n<p>De\nacuerdo con el especialista, es indispensable no quitar el dedo del rengl\u00f3n en\nmateria de tortura debido a que \u00e9sta se utiliza a\u00fan como una forma de\ninvestigaci\u00f3n en todo el pa\u00eds derivado de las deficiencias al interior de las\ninstituciones de procuraci\u00f3n de justicia.<\/p>\n\n\n\n<p>\u201cAs\u00ed\nse investigan los delitos en M\u00e9xico y Oaxaca no es la excepci\u00f3n, las denuncias\nde tortura al momento de la detenci\u00f3n son m\u00e1s recurrentes de lo que\nquisi\u00e9ramos\u201d, dijo.<\/p>\n\n\n\n<p>Dichas\npr\u00e1cticas tambi\u00e9n se hacen presentes al interior de las c\u00e1rceles debido a la\npermanente crisis de los sistemas penitenciarios en M\u00e9xico, particularmente en\nlos de car\u00e1cter local que se enfrentan a la falta de recursos constante y por\nende a condiciones lamentables en sus instalaciones e incidentes violentos al\ninterior. <\/p>\n\n\n\n<p>\u201cEl\ncontinuo estado de abandono de las c\u00e1rceles es una caracter\u00edstica en M\u00e9xico, es\nclaro que estas no representan una prioridad para los diferentes niveles de\ngobierno, ya que no implican capital pol\u00edtico para ning\u00fan gobernante\u201d,\nsentenci\u00f3.<\/p>\n\n\n\n<p>Amezcua\nNoriega detall\u00f3 que la falta de condiciones dignas para las y los internos en\nlas prisiones locales deriva en los autogobiernos, la violencia y la operaci\u00f3n\nde c\u00e9lulas delictivas que mantiene el control de delitos como extorsi\u00f3n en\nperjuicio de la sociedad en general, situaci\u00f3n que deber\u00eda de motivar a las\nautoridades a mejorar la vida al interior de dichos espacios.<\/p>\n\n\n\n<p>Explic\u00f3\nque aunque a nivel federal existe una mejora en las instalaciones, la realidad\nes que estos centros penitenciarios no presentan mejores condiciones para su poblaci\u00f3n\nque se enfrentan a un r\u00e9gimen extremo de privaci\u00f3n de libertad, donde las\npersonas pasan la mayor parte del tiempo en celdas con sistemas de seguridad\nmuy avanzados pero que est\u00e1n humanamente aisladas, lo que representa problemas\nen torno a los derechos humanos.<\/p>\n\n\n\n<p>\u201cEn\nla actualidad, el sistema penitenciario se debate entre estas dos opciones: la\nprecariedad de las c\u00e1rceles locales y la sofisticaci\u00f3n de las penitenciar\u00edas\nfederales que ahondan en el aislamiento de las personas recluidas, no hay equilibrio\nentre estas dos situaciones\u201d, dijo el especialista.<\/p>\n\n\n\n<p>Finalmente\nasegur\u00f3 que es evidente la falta de sensibilidad, el ambiente hostil, la\nnormalizaci\u00f3n de la violaci\u00f3n de la integridad personal en la c\u00e1rcel,\nsituaciones que preocupan a quienes defienden los Derechos Humanos ya que\nmuchas veces se normalizan y no se ven como una verdadera problem\u00e1tica para las\nautoridades en la materia.<\/p>\n\n\n\n<p>\u201cM\u00e9xico\ncuenta con un marco normativo muy avanzado para mejorar el trato y la\nconvivencia al interior de las c\u00e1rceles, sin embargo esta no se aplica y se ha\ndejado en el olvido; es indispensable que se respete la dignidad de las\npersonas, esta tendr\u00eda que ser raz\u00f3n suficiente para tomarse en serio la\nlabor&nbsp; en la defensa de los Derechos\nHumanos\u201d, concluy\u00f3.<\/p>\n","protected":false},"excerpt":{"rendered":"<p>Evlin Arag\u00f3n\/Zona Roja. Oaxaca de Ju\u00e1rez, Oax., Octavio Amezcua Noriega, experto en tortura al interior&hellip;<\/p>\n","protected":false},"author":2,"featured_media":8509,"comment_status":"closed","ping_status":"open","sticky":false,"template":"","format":"standard","meta":{"_lmt_disableupdate":"","_lmt_disable":"","_jetpack_memberships_contains_paid_content":false,"footnotes":""},"categories":[109,47],"tags":[1348],"class_list":["post-8508","post","type-post","status-publish","format-standard","has-post-thumbnail","hentry","category-minuto-a-minuto","category-zona-gris","tag-tortura-en-carceles-mexico"],"jetpack_featured_media_url":"https:\/\/zonaroja.com.mx\/wp-content\/uploads\/2020\/02\/af654024-101b-4814-8535-eea0568759ae.jpg","jetpack_sharing_enabled":true,"_links":{"self":[{"href":"https:\/\/zonaroja.com.mx\/index.php?rest_route=\/wp\/v2\/posts\/8508","targetHints":{"allow":["GET"]}}],"collection":[{"href":"https:\/\/zonaroja.com.mx\/index.php?rest_route=\/wp\/v2\/posts"}],"about":[{"href":"https:\/\/zonaroja.com.mx\/index.php?rest_route=\/wp\/v2\/types\/post"}],"author":[{"embeddable":true,"href":"https:\/\/zonaroja.com.mx\/index.php?rest_route=\/wp\/v2\/users\/2"}],"replies":[{"embeddable":true,"href":"https:\/\/zonaroja.com.mx\/index.php?rest_route=%2Fwp%2Fv2%2Fcomments&post=8508"}],"version-history":[{"count":1,"href":"https:\/\/zonaroja.com.mx\/index.php?rest_route=\/wp\/v2\/posts\/8508\/revisions"}],"predecessor-version":[{"id":8510,"href":"https:\/\/zonaroja.com.mx\/index.php?rest_route=\/wp\/v2\/posts\/8508\/revisions\/8510"}],"wp:featuredmedia":[{"embeddable":true,"href":"https:\/\/zonaroja.com.mx\/index.php?rest_route=\/wp\/v2\/media\/8509"}],"wp:attachment":[{"href":"https:\/\/zonaroja.com.mx\/index.php?rest_route=%2Fwp%2Fv2%2Fmedia&parent=8508"}],"wp:term":[{"taxonomy":"category","embeddable":true,"href":"https:\/\/zonaroja.com.mx\/index.php?rest_route=%2Fwp%2Fv2%2Fcategories&post=8508"},{"taxonomy":"post_tag","embeddable":true,"href":"https:\/\/zonaroja.com.mx\/index.php?rest_route=%2Fwp%2Fv2%2Ftags&post=8508"}],"curies":[{"name":"wp","href":"https:\/\/api.w.org\/{rel}","templated":true}]}}