{"id":85090,"date":"2025-09-26T08:15:00","date_gmt":"2025-09-26T14:15:00","guid":{"rendered":"https:\/\/zonaroja.com.mx\/?p=85090"},"modified":"2025-09-26T07:08:47","modified_gmt":"2025-09-26T13:08:47","slug":"un-asesinado-y-un-herido-en-zona-norte-del-istmo-de-tehuantepec","status":"publish","type":"post","link":"https:\/\/zonaroja.com.mx\/?p=85090","title":{"rendered":"Un asesinado y un herido, en zona norte del Istmo de Tehuantepec"},"content":{"rendered":"\n<p>Raymundo Morales\/Zona Roja.<\/p>\n\n\n\n<p>Oaxaca, Oax., a 26 de septiembre de 2025.- Un ataque armado se registr\u00f3 anoche en la localidad de Lagunas, perteneciente al municipio de El Barrio La Soledad, en la zona norte de la regi\u00f3n del Istmo de Tehuantepec.<\/p>\n\n\n\n<p>El saldo preliminar es de una persona fallecida y una m\u00e1s lesionada por disparos de arma de fuego, ocurrida afuera de un taller de reparaci\u00f3n de motocicletas.<\/p>\n\n\n\n<p>De acuerdo con los primeros reportes policiacos, sujetos armados arribaron al sitio y dispararon de manera directa en contra de las dos personas; en el sitio qued\u00f3 sin vida una de ellas.<\/p>\n\n\n\n<p>Otra m\u00e1s result\u00f3 lesionada, por lo que param\u00e9dicos lo trasladaron a un hospital de Lagunas, comunidad donde se asienta la planta de la empresa cementera Cruz Azul.<\/p>\n\n\n\n<p>Peritos y agentes de investigaci\u00f3n de la Vicefiscal\u00eda Regional del Istmo, de la Fiscal\u00eda General del Estado de Oaxaca, contin\u00faan con las indagatorias para dar con los responsables del homicidio e intento de homicidio.<\/p>\n\n\n\n<p>Hasta esta ma\u00f1ana, no se han dado a conocer los nombres de las v\u00edctimas del ataque armado.<\/p>\n","protected":false},"excerpt":{"rendered":"<p>Raymundo Morales\/Zona Roja. Oaxaca, Oax., a 26 de septiembre de 2025.- Un ataque armado se&hellip;<\/p>\n","protected":false},"author":2,"featured_media":85091,"comment_status":"closed","ping_status":"open","sticky":false,"template":"","format":"standard","meta":{"_lmt_disableupdate":"","_lmt_disable":"","_jetpack_memberships_contains_paid_content":false,"footnotes":""},"categories":[109,51],"tags":[1382],"class_list":["post-85090","post","type-post","status-publish","format-standard","has-post-thumbnail","hentry","category-minuto-a-minuto","category-zona-roja","tag-lagunas-el-barrio-la-soledad"],"jetpack_featured_media_url":"https:\/\/zonaroja.com.mx\/wp-content\/uploads\/2025\/09\/Lagunas-Oaxaca.jpg","jetpack_sharing_enabled":true,"_links":{"self":[{"href":"https:\/\/zonaroja.com.mx\/index.php?rest_route=\/wp\/v2\/posts\/85090","targetHints":{"allow":["GET"]}}],"collection":[{"href":"https:\/\/zonaroja.com.mx\/index.php?rest_route=\/wp\/v2\/posts"}],"about":[{"href":"https:\/\/zonaroja.com.mx\/index.php?rest_route=\/wp\/v2\/types\/post"}],"author":[{"embeddable":true,"href":"https:\/\/zonaroja.com.mx\/index.php?rest_route=\/wp\/v2\/users\/2"}],"replies":[{"embeddable":true,"href":"https:\/\/zonaroja.com.mx\/index.php?rest_route=%2Fwp%2Fv2%2Fcomments&post=85090"}],"version-history":[{"count":1,"href":"https:\/\/zonaroja.com.mx\/index.php?rest_route=\/wp\/v2\/posts\/85090\/revisions"}],"predecessor-version":[{"id":85092,"href":"https:\/\/zonaroja.com.mx\/index.php?rest_route=\/wp\/v2\/posts\/85090\/revisions\/85092"}],"wp:featuredmedia":[{"embeddable":true,"href":"https:\/\/zonaroja.com.mx\/index.php?rest_route=\/wp\/v2\/media\/85091"}],"wp:attachment":[{"href":"https:\/\/zonaroja.com.mx\/index.php?rest_route=%2Fwp%2Fv2%2Fmedia&parent=85090"}],"wp:term":[{"taxonomy":"category","embeddable":true,"href":"https:\/\/zonaroja.com.mx\/index.php?rest_route=%2Fwp%2Fv2%2Fcategories&post=85090"},{"taxonomy":"post_tag","embeddable":true,"href":"https:\/\/zonaroja.com.mx\/index.php?rest_route=%2Fwp%2Fv2%2Ftags&post=85090"}],"curies":[{"name":"wp","href":"https:\/\/api.w.org\/{rel}","templated":true}]}}