{"id":85093,"date":"2025-09-26T09:16:00","date_gmt":"2025-09-26T15:16:00","guid":{"rendered":"https:\/\/zonaroja.com.mx\/?p=85093"},"modified":"2025-09-26T07:17:07","modified_gmt":"2025-09-26T13:17:07","slug":"dialogan-gobierno-de-oaxaca-y-shein-tras-plagio-de-prendas-istmenas","status":"publish","type":"post","link":"https:\/\/zonaroja.com.mx\/?p=85093","title":{"rendered":"Dialogan gobierno de Oaxaca y Shein, tras plagio de prendas istme\u00f1as"},"content":{"rendered":"\n<p>Ismael Garc\u00eda M.\/Zona Roja.<\/p>\n\n\n\n<p>Oaxaca, Oax., a 26 de septiembre de 2025.- El gobierno de Oaxaca y la empresa internacional Shein sostuvieron un primer acuerdo ayer, tras la denuncia de plagio de modelos de prendas istme\u00f1as.<\/p>\n\n\n\n<p>La Secretar\u00eda de las Culturas y Artes (Seculta) dio a conocer habr\u00e1 una segunda reuni\u00f3n, en la primera quincena de octubre, para decidir la forma en que la compa\u00f1\u00eda ofrecer\u00e1 una disculpa p\u00fablica a los pueblos istme\u00f1os.<\/p>\n\n\n\n<p>La reuni\u00f3n se efectu\u00f3 ayer en la sede de Museo de Arte Contempor\u00e1neo y de las Culturas Oaxaque\u00f1as y fue encabezado por el titular de la Seculta, Flavio Sosa Villavicencio, con la presencia de representantes de Shein M\u00e9xico.<\/p>\n\n\n\n<p>En cuanto a los mecanismos de prevenci\u00f3n, las partes coincidieron en la necesidad de establecer las herramientas suficientes para evitar la repetici\u00f3n de conductas similares que afecten el patrimonio cultural de los pueblos originarios asentados en el territorio oaxaque\u00f1o.<\/p>\n\n\n\n<p>Respecto a la disculpa p\u00fablica necesaria a las personas artesanas, se pact\u00f3 que en la pr\u00f3xima reuni\u00f3n se definir\u00e1 el mecanismo formal para llevarla a cabo por parte de la empresa, como parte del reconocimiento a la importancia y derechos de las comunidades ind\u00edgenas en relaci\u00f3n con el uso de sus expresiones culturales.<\/p>\n\n\n\n<p>Asimismo, se pact\u00f3 una segunda reuni\u00f3n durante la primera quincena de octubre, con la participaci\u00f3n de otras instituciones como el Instituto Nacional del Derecho de Autor (Indautor); el Instituto Nacional de los Pueblos Ind\u00edgenas (INPI); y, la Coordinaci\u00f3n Nacional de Conservaci\u00f3n del Patrimonio Cultural.<\/p>\n\n\n\n<p>\u201cEste di\u00e1logo representa un paso significativo en la construcci\u00f3n de acuerdos por parte del Gobierno del Estado, encabezado por el gobernador Salom\u00f3n Jara Cruz, para reconocer, proteger y garantizar los derechos culturales de los pueblos y naciones originarias&nbsp; de Oaxaca\u201d, destac\u00f3 la Seculta en un comunicado.<\/p>\n\n\n\n<p>En el encuentro participaron la diputada Irma Pineda Santiago, presidenta de la Comisi\u00f3n Permanente de Culturas y Artes delCongreso del Estado; Michel Pineda, director de la Casa de la Cultura de Juchit\u00e1n.<\/p>\n\n\n\n<p>As\u00ed como embajadoras culturales del Istmo de Tehuantepec: Guie\u2019 D\u00e1ana Vel\u00e1zquez D\u00edaz (Juchit\u00e1n), Shunashi Juquila Molina Morales (San Blas Atempa) y Claudia Xihomara Navarrete Antonio (Barrio La Soledad); y la Diosa Cent\u00e9otl 2025: Patricia Casiano Zaragoza.<\/p>\n","protected":false},"excerpt":{"rendered":"<p>Ismael Garc\u00eda M.\/Zona Roja. Oaxaca, Oax., a 26 de septiembre de 2025.- El gobierno de&hellip;<\/p>\n","protected":false},"author":2,"featured_media":85087,"comment_status":"closed","ping_status":"open","sticky":false,"template":"","format":"standard","meta":{"_lmt_disableupdate":"","_lmt_disable":"","_jetpack_memberships_contains_paid_content":false,"footnotes":""},"categories":[109,46],"tags":[3368,4427],"class_list":["post-85093","post","type-post","status-publish","format-standard","has-post-thumbnail","hentry","category-minuto-a-minuto","category-zona-blanca","tag-secretaria-de-las-culturas-seculta","tag-shein-plagio-oaxaca"],"jetpack_featured_media_url":"https:\/\/zonaroja.com.mx\/wp-content\/uploads\/2025\/09\/Seculta-Flavio-Sosa-Shein.jpg","jetpack_sharing_enabled":true,"_links":{"self":[{"href":"https:\/\/zonaroja.com.mx\/index.php?rest_route=\/wp\/v2\/posts\/85093","targetHints":{"allow":["GET"]}}],"collection":[{"href":"https:\/\/zonaroja.com.mx\/index.php?rest_route=\/wp\/v2\/posts"}],"about":[{"href":"https:\/\/zonaroja.com.mx\/index.php?rest_route=\/wp\/v2\/types\/post"}],"author":[{"embeddable":true,"href":"https:\/\/zonaroja.com.mx\/index.php?rest_route=\/wp\/v2\/users\/2"}],"replies":[{"embeddable":true,"href":"https:\/\/zonaroja.com.mx\/index.php?rest_route=%2Fwp%2Fv2%2Fcomments&post=85093"}],"version-history":[{"count":1,"href":"https:\/\/zonaroja.com.mx\/index.php?rest_route=\/wp\/v2\/posts\/85093\/revisions"}],"predecessor-version":[{"id":85094,"href":"https:\/\/zonaroja.com.mx\/index.php?rest_route=\/wp\/v2\/posts\/85093\/revisions\/85094"}],"wp:featuredmedia":[{"embeddable":true,"href":"https:\/\/zonaroja.com.mx\/index.php?rest_route=\/wp\/v2\/media\/85087"}],"wp:attachment":[{"href":"https:\/\/zonaroja.com.mx\/index.php?rest_route=%2Fwp%2Fv2%2Fmedia&parent=85093"}],"wp:term":[{"taxonomy":"category","embeddable":true,"href":"https:\/\/zonaroja.com.mx\/index.php?rest_route=%2Fwp%2Fv2%2Fcategories&post=85093"},{"taxonomy":"post_tag","embeddable":true,"href":"https:\/\/zonaroja.com.mx\/index.php?rest_route=%2Fwp%2Fv2%2Ftags&post=85093"}],"curies":[{"name":"wp","href":"https:\/\/api.w.org\/{rel}","templated":true}]}}