{"id":85095,"date":"2025-09-26T07:44:19","date_gmt":"2025-09-26T13:44:19","guid":{"rendered":"https:\/\/zonaroja.com.mx\/?p=85095"},"modified":"2025-09-26T07:44:20","modified_gmt":"2025-09-26T13:44:20","slug":"la-orquesta-sinfonica-de-oaxaca-estrenara-obra-de-la-oaxaquena-dora-vera","status":"publish","type":"post","link":"https:\/\/zonaroja.com.mx\/?p=85095","title":{"rendered":"La Orquesta Sinf\u00f3nica de Oaxaca estrenar\u00e1 obra de la oaxaque\u00f1a Dora Vera"},"content":{"rendered":"\n<p>Lisbeth Mej\u00eda Reyes\/Zona Roja.<\/p>\n\n\n\n<p>Oaxaca, Oax., a 26 de septiembre de 2025.- Con el estreno de \u00abInvocando a la lluvia\u00bb, de la oaxaque\u00f1a Dora Vera, la Orquesta Sinf\u00f3nica de Oaxaca inicia este viernes sus segunda temporada de conciertos.&nbsp;<\/p>\n\n\n\n<p>En este recital, la agrupaci\u00f3n que dirige Faustino D\u00edaz tendr\u00e1 como solista invitada a la tambi\u00e9n oaxaque\u00f1a Yadira Guevara S\u00e1nchez, flautista encargada de ejecutar la obra de Vera.<\/p>\n\n\n\n<p>\u00abInvocando a la lluvia\u00bb es una de las obras m\u00e1s recientes de Dora Vera, quien aunque naci\u00f3 en Chiapas se ha identificado como oaxaque\u00f1a, pues lleg\u00f3 a vivir a este estado desde su ni\u00f1ez y ha forjado su vida musical en esta entidad. Adem\u00e1s de que ha colaborado en diversas ocasiones con esta y otras agrupaciones musicales del estado o representado a Oaxaca a nivel nacional e internacional.<\/p>\n\n\n\n<p>Esta composici\u00f3n est\u00e1 dedicada \u00aba la flautista virtuosa oaxaque\u00f1a Yadira Guevara\u00bb, se\u00f1ala la autora en su sitio web sobre el estreno mundial.<\/p>\n\n\n\n<p>De acuerdo con la Secretar\u00eda de las Culturas y Artes (Seculta), en esta obra \u00abla compositora Dora Vera nos sumerge en una pieza que evoca la naturaleza y la esperanza, con un di\u00e1logo \u00edntimo y poderoso entre la flauta solista y la orquesta\u00bb.<\/p>\n\n\n\n<p>Antes de este concierto, la compositora ha estrenado su trabajo a trav\u00e9s de la Orquesta Sinf\u00f3nica de Oaxaca con obras como \u00abLa espalda\u00bb (en 2017) y \u00abHuaxyacac\u00bb (en 2021), de acuerdo con la biograf\u00eda que de ella comparte la Orquesta Filarm\u00f3nica de la Ciudad de M\u00e9xico.<\/p>\n\n\n\n<p>El programa de este viernes tiene un repertorio de m\u00fasica mexicana que abarca otra pieza de un autor oaxaque\u00f1o: \u00abA\u00f1o Festivo\u00bb, Adalberto \u00c1valos. As\u00ed como otras obras de autores originarios de la Ciudad de M\u00e9xico: \u00abBalada de los R\u00edos de Tabasco\u00bb, de Carlos Jim\u00e9nez Mabarak, y \u00abSones de Mariachi\u00bb, de Blas Galindo.<\/p>\n","protected":false},"excerpt":{"rendered":"<p>Lisbeth Mej\u00eda Reyes\/Zona Roja. Oaxaca, Oax., a 26 de septiembre de 2025.- Con el estreno&hellip;<\/p>\n","protected":false},"author":2,"featured_media":85096,"comment_status":"closed","ping_status":"open","sticky":false,"template":"","format":"standard","meta":{"_lmt_disableupdate":"","_lmt_disable":"","_jetpack_memberships_contains_paid_content":false,"footnotes":""},"categories":[109,46],"tags":[3433],"class_list":["post-85095","post","type-post","status-publish","format-standard","has-post-thumbnail","hentry","category-minuto-a-minuto","category-zona-blanca","tag-orquesta-sinfonica-de-oaxaca-oso"],"jetpack_featured_media_url":"https:\/\/zonaroja.com.mx\/wp-content\/uploads\/2025\/09\/Compositora-Dora-Vera.jpg","jetpack_sharing_enabled":true,"_links":{"self":[{"href":"https:\/\/zonaroja.com.mx\/index.php?rest_route=\/wp\/v2\/posts\/85095","targetHints":{"allow":["GET"]}}],"collection":[{"href":"https:\/\/zonaroja.com.mx\/index.php?rest_route=\/wp\/v2\/posts"}],"about":[{"href":"https:\/\/zonaroja.com.mx\/index.php?rest_route=\/wp\/v2\/types\/post"}],"author":[{"embeddable":true,"href":"https:\/\/zonaroja.com.mx\/index.php?rest_route=\/wp\/v2\/users\/2"}],"replies":[{"embeddable":true,"href":"https:\/\/zonaroja.com.mx\/index.php?rest_route=%2Fwp%2Fv2%2Fcomments&post=85095"}],"version-history":[{"count":1,"href":"https:\/\/zonaroja.com.mx\/index.php?rest_route=\/wp\/v2\/posts\/85095\/revisions"}],"predecessor-version":[{"id":85097,"href":"https:\/\/zonaroja.com.mx\/index.php?rest_route=\/wp\/v2\/posts\/85095\/revisions\/85097"}],"wp:featuredmedia":[{"embeddable":true,"href":"https:\/\/zonaroja.com.mx\/index.php?rest_route=\/wp\/v2\/media\/85096"}],"wp:attachment":[{"href":"https:\/\/zonaroja.com.mx\/index.php?rest_route=%2Fwp%2Fv2%2Fmedia&parent=85095"}],"wp:term":[{"taxonomy":"category","embeddable":true,"href":"https:\/\/zonaroja.com.mx\/index.php?rest_route=%2Fwp%2Fv2%2Fcategories&post=85095"},{"taxonomy":"post_tag","embeddable":true,"href":"https:\/\/zonaroja.com.mx\/index.php?rest_route=%2Fwp%2Fv2%2Ftags&post=85095"}],"curies":[{"name":"wp","href":"https:\/\/api.w.org\/{rel}","templated":true}]}}