{"id":85098,"date":"2025-09-26T11:15:00","date_gmt":"2025-09-26T17:15:00","guid":{"rendered":"https:\/\/zonaroja.com.mx\/?p=85098"},"modified":"2025-09-26T07:51:08","modified_gmt":"2025-09-26T13:51:08","slug":"exjueces-denuncian-falta-de-pagos-del-nuevo-poder-judicial-federal","status":"publish","type":"post","link":"https:\/\/zonaroja.com.mx\/?p=85098","title":{"rendered":"Exjueces denuncian falta de pagos del \u2018nuevo\u2019 Poder Judicial federal"},"content":{"rendered":"\n<p>Redacci\u00f3n\/Zona Roja.<\/p>\n\n\n\n<p>Oaxaca, Oax., a 26 de septiembre de 2025.- Jueces y magistrados de todo el pa\u00eds expresan sus quejas porque tras la implementaci\u00f3n de la reforma al Poder Judicial fueron retirados de sus cargos y, hasta ahora, no han recibido sus pagos ni indemnizaciones.<\/p>\n\n\n\n<p>\u201cEn el art\u00edculo d\u00e9cimo transitorio de la reforma al Poder Judicial se se\u00f1al\u00f3 que se iba a dar un pago extraordinario a los juzgadores que decidi\u00e9ramos no participar en la elecci\u00f3n de 2025 o 2027, o en el caso de haber participado y no resultar electo. Pero esto no ha ocurrido\u201d, dijo la exjueza Reyna Rodr\u00edguez, en entrevista con Manuel Feregrino.<\/p>\n\n\n\n<p>La jueza asegur\u00f3 que otros compa\u00f1eros, incluidos magistrados, se est\u00e1n organizando para exponer su solicitud ante el \u00d3rgano de Administraci\u00f3n Judicial.<\/p>\n\n\n\n<p>Sin embargo, no han obtenido ninguna respuesta a pesar de las exigencias de los juzgadores. Dicho pago, seg\u00fan la reforma, se obtendr\u00eda de los fideicomisos del Poder Judicial que fueron trasladados a la Tesorer\u00eda de la Federaci\u00f3n.<\/p>\n\n\n\n<p>Reyna Rodr\u00edguez asegur\u00f3 que algunos integrantes del \u00d3rgano de Administraci\u00f3n Judicial apenas est\u00e1n reuniendo la informaci\u00f3n necesaria de los afectados.<\/p>\n\n\n\n<p>\u201cMuchos de nosotros sinceramente no contamos con ese dinero. Eran 20 d\u00edas por a\u00f1o de servicio, eso ser\u00eda la indemnizaci\u00f3n, m\u00e1s los proporcionales, pero en promedio var\u00eda para jueces y exmagistrados\u201d, cont\u00f3.<\/p>\n\n\n\n<p>Seg\u00fan el c\u00e1lculo de Rodr\u00edguez, el monto ser\u00eda equivalente a entre 3 y 5 millones de pesos por cada juez y magistrado que fue retirado de su cargo de manera extempor\u00e1nea ante la reforma Judicial.<\/p>\n\n\n\n<p>\u201cTen\u00edamos un cargo inamovible porque a ra\u00edz de esta reforma que se realiz\u00f3, fuimos separados y es un pago extraordinario que ellos mismos estipularon en el d\u00e9cimo transitorio y que hasta ahora no se ha dado noticias de c\u00f3mo lo realizar\u00e1n\u201d, explic\u00f3 la exjuzgadora.<\/p>\n\n\n\n<p>Ante esta situaci\u00f3n, hay desilusi\u00f3n y resignaci\u00f3n entre los jueces y magistrados afectados debido a que, consideran, son muy pocas las posibilidades de que se les entregue este dinero que les corresponde por ley.<\/p>\n\n\n\n<p>\u201cDebemos entender que en M\u00e9xico ya no hay un Estado de derecho, ya no hay una divisi\u00f3n de poderes. La m\u00e1xima autoridad que tenemos actualmente es la presidenta de M\u00e9xico, por lo que si ella da la orden, el Legislativo dar\u00eda ese cumplimiento\u201d, agreg\u00f3.<\/p>\n\n\n\n<p>Reyna Rodr\u00edguez reconoce que es un derecho que se debe cumplir, pero ella no realizar\u00eda demandas para exigirlo debido a que \u201cacabaron con el Poder Judicial\u201d.<\/p>\n\n\n\n<p>(Informaci\u00f3n de \u201cEl Financiero\u201d)<\/p>\n","protected":false},"excerpt":{"rendered":"<p>Redacci\u00f3n\/Zona Roja. Oaxaca, Oax., a 26 de septiembre de 2025.- Jueces y magistrados de todo&hellip;<\/p>\n","protected":false},"author":2,"featured_media":71810,"comment_status":"closed","ping_status":"open","sticky":false,"template":"","format":"standard","meta":{"_lmt_disableupdate":"","_lmt_disable":"","_jetpack_memberships_contains_paid_content":false,"footnotes":""},"categories":[109,47],"tags":[3707],"class_list":["post-85098","post","type-post","status-publish","format-standard","has-post-thumbnail","hentry","category-minuto-a-minuto","category-zona-gris","tag-poder-judicial-de-la-federacion"],"jetpack_featured_media_url":"https:\/\/zonaroja.com.mx\/wp-content\/uploads\/2024\/08\/Poder-Judicial-de-la-Federacion.webp","jetpack_sharing_enabled":true,"_links":{"self":[{"href":"https:\/\/zonaroja.com.mx\/index.php?rest_route=\/wp\/v2\/posts\/85098","targetHints":{"allow":["GET"]}}],"collection":[{"href":"https:\/\/zonaroja.com.mx\/index.php?rest_route=\/wp\/v2\/posts"}],"about":[{"href":"https:\/\/zonaroja.com.mx\/index.php?rest_route=\/wp\/v2\/types\/post"}],"author":[{"embeddable":true,"href":"https:\/\/zonaroja.com.mx\/index.php?rest_route=\/wp\/v2\/users\/2"}],"replies":[{"embeddable":true,"href":"https:\/\/zonaroja.com.mx\/index.php?rest_route=%2Fwp%2Fv2%2Fcomments&post=85098"}],"version-history":[{"count":1,"href":"https:\/\/zonaroja.com.mx\/index.php?rest_route=\/wp\/v2\/posts\/85098\/revisions"}],"predecessor-version":[{"id":85099,"href":"https:\/\/zonaroja.com.mx\/index.php?rest_route=\/wp\/v2\/posts\/85098\/revisions\/85099"}],"wp:featuredmedia":[{"embeddable":true,"href":"https:\/\/zonaroja.com.mx\/index.php?rest_route=\/wp\/v2\/media\/71810"}],"wp:attachment":[{"href":"https:\/\/zonaroja.com.mx\/index.php?rest_route=%2Fwp%2Fv2%2Fmedia&parent=85098"}],"wp:term":[{"taxonomy":"category","embeddable":true,"href":"https:\/\/zonaroja.com.mx\/index.php?rest_route=%2Fwp%2Fv2%2Fcategories&post=85098"},{"taxonomy":"post_tag","embeddable":true,"href":"https:\/\/zonaroja.com.mx\/index.php?rest_route=%2Fwp%2Fv2%2Ftags&post=85098"}],"curies":[{"name":"wp","href":"https:\/\/api.w.org\/{rel}","templated":true}]}}