{"id":85100,"date":"2025-09-26T12:08:00","date_gmt":"2025-09-26T18:08:00","guid":{"rendered":"https:\/\/zonaroja.com.mx\/?p=85100"},"modified":"2025-09-26T08:09:15","modified_gmt":"2025-09-26T14:09:15","slug":"logran-102-anos-de-prision-contra-individuo-que-violo-a-una-adolescente","status":"publish","type":"post","link":"https:\/\/zonaroja.com.mx\/?p=85100","title":{"rendered":"Logran 102 a\u00f1os de prisi\u00f3n contra individuo que viol\u00f3 a una adolescente\u00a0"},"content":{"rendered":"\n<p>Redacci\u00f3n\/Zona Roja.&nbsp;<\/p>\n\n\n\n<p>Oaxaca, Oax., a 26 de septiembre de 2025.- La Fiscal\u00eda General del Estado de Oaxaca (FGEO) obtuvo una sentencia hist\u00f3rica de 102 a\u00f1os de prisi\u00f3n en contra de una persona del sexo masculino identificada como Gerardo E.J.R. por su responsabilidad en la comisi\u00f3n del delito de violaci\u00f3n agravada, ocurrida en la regi\u00f3n de la Sierra Sur.<\/p>\n\n\n\n<p>El expediente penal del caso detalla que los hechos ocurrieron en diferentes fechas de los meses de octubre, noviembre y diciembre de 2020, en un domicilio ubicado en San Miguel Yogovana perteneciente al distrito de Miahuatl\u00e1n de Porfirio D\u00edaz, lugar donde fue agredida la v\u00edctima, una adolescente (cuya identidad est\u00e1 reservada por ley).<\/p>\n\n\n\n<p>Cuando la FGEO tom\u00f3 conocimiento del caso a trav\u00e9s de la denuncia, se iniciaron las investigaciones ministeriales con perspectiva de g\u00e9nero e infancia dado el contexto de los hechos, las cuales fueron llevadas por la Vicefiscal\u00eda Regional de Valles Centrales, que logr\u00f3 la detenci\u00f3n del responsable.<\/p>\n\n\n\n<p>Gracias a los resultados aportados por la FGEO, el Tribunal de Enjuiciamiento tuvo los elementos suficientes para dictar sentencia condenatoria de 102 a\u00f1os de prisi\u00f3n en contra de Gerardo E.J.R., por su responsabilidad en el delito de violaci\u00f3n agravada, adem\u00e1s de imponerle el pago de una multa econ\u00f3mica establecida en la ley.<\/p>\n\n\n\n<p>PEDERASTA DETENIDO<\/p>\n\n\n\n<p>En otro caso, la Fiscal\u00eda General ejecut\u00f3 una orden de aprehensi\u00f3n en contra de una persona del sexo masculino identificado como B.R.J., por violencia familiar y pederastia agravada, delitos cometidos en la agencia de San Mart\u00edn Mexicapan, de la capital.&nbsp;<\/p>\n\n\n\n<p>De acuerdo con la investigaci\u00f3n, los hechos ocurrieron entre 2018 y 2025, periodo de tiempo en el que las dos v\u00edctimas sufrieron agresiones: la mujer adulta fue objeto de violencia f\u00edsica, mientas que la persona menor de edad sufri\u00f3 violencia sexual, en un domicilio de la colonia Jacarandas, en el municipio de Oaxaca de Ju\u00e1rez.<\/p>\n\n\n\n<p>Tras tener conocimiento de los hechos, la FGEO inici\u00f3 las investigaciones con perspectiva de g\u00e9nero a trav\u00e9s de la Fiscal\u00eda Especializada en Justicia contra Adolescentes que, derivado de las primeras diligencias present\u00f3 las pruebas suficientes que permitieron obtener la orden de aprehensi\u00f3n.<\/p>\n\n\n\n<p>La Fiscal\u00eda de Oaxaca, as\u00ed como elementos de la Agencia Estatal de Investigaciones, implementaron un operativo de b\u00fasqueda y localizaci\u00f3n que permiti\u00f3 ejecutar la orden de aprehensi\u00f3n en contra de B.R.J., por el delito de violencia familiar y pederastia agravada, quien qued\u00f3 a disposici\u00f3n de la autoridad ministerial correspondiente para determinar su situaci\u00f3n jur\u00eddica,<\/p>\n\n\n\n<p>LADR\u00d3N IMPUTADO<\/p>\n\n\n\n<p>Por otra parte, la instituci\u00f3n obtuvo auto de vinculaci\u00f3n a proceso contra una persona del sexo femenino identificada como E.J.C., alias \u00abLa Chola\u00bb, imputada por el delito de robo calificado, cometido en perjuicio patrimonial de un hu\u00e9sped, hechos ocurridos en un hotel de la regi\u00f3n de la Costa.<\/p>\n\n\n\n<p>De acuerdo con lo asentado en el expediente penal, el robo ocurri\u00f3 el 19 de septiembre de 2025, en una habitaci\u00f3n del hotel denominado &#8216;Las Gaviotas&#8217; ubicado en la calle primera Norte esquina Tercera Poniente de la colonia Centro de Puerto Escondido, lugar donde se hospedaba la v\u00edctima.<\/p>\n\n\n\n<p>La investigaci\u00f3n detalla que, la persona responsable ingres\u00f3 por la ventana que da al balc\u00f3n de la citada habitaci\u00f3n y aprovech\u00f3 para apoderarse de dinero en efectivo y dos tel\u00e9fonos celulares, para despu\u00e9s huir del lugar.<\/p>\n\n\n\n<p>Cuando la v\u00edctima se percat\u00f3 de lo ocurrido, solicit\u00f3 auxilio a los trabajadores del hotel quienes lograron captar que la imputada emprend\u00eda la huida por la azotea para salir por la puerta de otro inmueble, siendo alcanzada metros m\u00e1s adelante y posteriormente, entregada a la polic\u00eda municipal de la zona.<\/p>\n\n\n\n<p>Una vez puesta a disposici\u00f3n de la Fiscal\u00eda de Oaxaca, se iniciaron las investigaciones correspondientes a trav\u00e9s de la Vicefiscal\u00eda Regional de la Costa.<\/p>\n\n\n\n<p>Posteriormente, la FGEO reuni\u00f3 los datos de prueba que permitieron que el juez de la causa dictara vincular a proceso a E.J.C., por el delito de robo calificado e impuso la medida cautelar de prisi\u00f3n preventiva definitiva y justificada concediendo un plazo de tres meses para el cierre de la investigaci\u00f3n complementaria.<\/p>\n","protected":false},"excerpt":{"rendered":"<p>Redacci\u00f3n\/Zona Roja.&nbsp; Oaxaca, Oax., a 26 de septiembre de 2025.- La Fiscal\u00eda General del Estado&hellip;<\/p>\n","protected":false},"author":2,"featured_media":83367,"comment_status":"closed","ping_status":"open","sticky":false,"template":"","format":"standard","meta":{"_lmt_disableupdate":"","_lmt_disable":"","_jetpack_memberships_contains_paid_content":false,"footnotes":""},"categories":[109,46],"tags":[494],"class_list":["post-85100","post","type-post","status-publish","format-standard","has-post-thumbnail","hentry","category-minuto-a-minuto","category-zona-blanca","tag-fiscalia-general-del-estado-de-oaxaca"],"jetpack_featured_media_url":"https:\/\/zonaroja.com.mx\/wp-content\/uploads\/2025\/08\/menor-mujer-abuso-sexual-agresion.webp","jetpack_sharing_enabled":true,"_links":{"self":[{"href":"https:\/\/zonaroja.com.mx\/index.php?rest_route=\/wp\/v2\/posts\/85100","targetHints":{"allow":["GET"]}}],"collection":[{"href":"https:\/\/zonaroja.com.mx\/index.php?rest_route=\/wp\/v2\/posts"}],"about":[{"href":"https:\/\/zonaroja.com.mx\/index.php?rest_route=\/wp\/v2\/types\/post"}],"author":[{"embeddable":true,"href":"https:\/\/zonaroja.com.mx\/index.php?rest_route=\/wp\/v2\/users\/2"}],"replies":[{"embeddable":true,"href":"https:\/\/zonaroja.com.mx\/index.php?rest_route=%2Fwp%2Fv2%2Fcomments&post=85100"}],"version-history":[{"count":1,"href":"https:\/\/zonaroja.com.mx\/index.php?rest_route=\/wp\/v2\/posts\/85100\/revisions"}],"predecessor-version":[{"id":85101,"href":"https:\/\/zonaroja.com.mx\/index.php?rest_route=\/wp\/v2\/posts\/85100\/revisions\/85101"}],"wp:featuredmedia":[{"embeddable":true,"href":"https:\/\/zonaroja.com.mx\/index.php?rest_route=\/wp\/v2\/media\/83367"}],"wp:attachment":[{"href":"https:\/\/zonaroja.com.mx\/index.php?rest_route=%2Fwp%2Fv2%2Fmedia&parent=85100"}],"wp:term":[{"taxonomy":"category","embeddable":true,"href":"https:\/\/zonaroja.com.mx\/index.php?rest_route=%2Fwp%2Fv2%2Fcategories&post=85100"},{"taxonomy":"post_tag","embeddable":true,"href":"https:\/\/zonaroja.com.mx\/index.php?rest_route=%2Fwp%2Fv2%2Ftags&post=85100"}],"curies":[{"name":"wp","href":"https:\/\/api.w.org\/{rel}","templated":true}]}}