{"id":85108,"date":"2025-09-26T17:42:28","date_gmt":"2025-09-26T23:42:28","guid":{"rendered":"https:\/\/zonaroja.com.mx\/?p=85108"},"modified":"2025-09-26T17:42:28","modified_gmt":"2025-09-26T23:42:28","slug":"padre-de-erick-jair-ha-sido-amenazado-por-denunciar-la-desaparicion-de-su-hijo","status":"publish","type":"post","link":"https:\/\/zonaroja.com.mx\/?p=85108","title":{"rendered":"Padre de \u00c9rick Jair ha sido amenazado por denunciar la desaparici\u00f3n de su hijo&nbsp;"},"content":{"rendered":"\n<p>Lisbeth Mej\u00eda Reyes\/Zona Roja.&nbsp;<\/p>\n\n\n\n<p>Oaxaca, Oaxaca., a 26 de septiembre de 2025.- Por denunciar la desaparici\u00f3n de su hijo y emprender su b\u00fasqueda, el padre del joven \u00c9rick Jair P\u00e9rez Lim\u00f3n ha sufrido amenazas por parte de personas del ayuntamiento de San Agust\u00edn de las Juntas, a quienes ha se\u00f1alado por su presunta participaci\u00f3n en la desaparici\u00f3n del joven.&nbsp;<\/p>\n\n\n\n<p>Adem\u00e1s, hace aproximadamente 15 d\u00edas, fue perseguido por un veh\u00edculo en la misma poblaci\u00f3n, denunci\u00f3 este viernes el padre de \u00c9rick, quien responsabiliz\u00f3 a estas personas de lo que le ocurra a \u00e9l o a su familia.<\/p>\n\n\n\n<p>Joaqu\u00edn Galv\u00e1n, activista que acompa\u00f1a a la familia en el caso de desaparici\u00f3n forzada de \u00c9rick, exigi\u00f3 a las autoridades garantizar la seguridad del se\u00f1or Juli\u00e1n P\u00e9rez L\u00f3pez y su familia, no solamente para mantenerlos a salvo, sino porque ha sido Juli\u00e1n quien ha conseguido varios de los indicios para ayudar a la Fiscal\u00eda General del Estado de Oaxaca en la localizaci\u00f3n de \u00c9rick.&nbsp;<\/p>\n\n\n\n<p>En conferencia de prensa frente al Palacio de Gobierno, ciudad de Oaxaca, Juli\u00e1n P\u00e9rez detall\u00f3 que hace unos 15 d\u00edas un veh\u00edculo Jetta gris, con vidrios polarizados, lo sigui\u00f3. Pero esta no es la \u00fanica ocasi\u00f3n que ha sufrido de intimidaci\u00f3n o amenazas, pues tambi\u00e9n ha recibido llamadas de personas del ayuntamiento de San Agust\u00edn.<\/p>\n\n\n\n<p>\u00c9rick Jair, joven de 21 a\u00f1os de edad, fue desaparecido el 23 de junio cuando iba a bordo de un veh\u00edculo rumbo al domicilio del padre de su novia, quien se opon\u00eda a la relaci\u00f3n. En esa noche, seg\u00fan el video conseguido por don Juli\u00e1n, a \u00c9rick lo interceptaron dos unidades cuyos ocupantes lo bajaron de su veh\u00edculo para subirlo a otro.<\/p>\n\n\n\n<p>El taxi que manejaba \u00c9rick fue localizado en la comunidad de San Lorenzo Albarradas, sin embargo, la familia y el activista consideran que fue llevado a la regi\u00f3n mixe, de donde es originario el padre de la novia, G. C. E.<\/p>\n\n\n\n<p>\u00abLos \u00faltimos datos telef\u00f3nicos de Erick arrojan una ruta hacia la zona mixe de Oaxaca, para ser precisos, en San Juan Juquila Mixe, de donde es originario el pap\u00e1 de su novia, a m\u00e1s de cuatro horas de la capital\u00bb, ha dicho el activista, quien junto con la familia busca llevar el caso ante el Comit\u00e9 de Desaparici\u00f3n Forzada de la Organizaci\u00f3n de las Naciones Unidas (ONU).<\/p>\n\n\n\n<p>AMPL\u00cdAN INVESTIGACIONES&nbsp;<\/p>\n\n\n\n<p>El activista y la Familia recordaron que han exigido a la fiscal\u00eda ampliar la l\u00edneas de investigaci\u00f3n para considerar no solamente su desaparici\u00f3n sino la denuncia que el joven hizo en abril en contra de polic\u00edas de San Agust\u00edn de las Juntas y en contra de cinco particulares de esa comunidad por el levantamiento y lesiones que sufri\u00f3 en esa ocasi\u00f3n.<\/p>\n\n\n\n<p>Galv\u00e1n se\u00f1al\u00f3 que el caso ya lo est\u00e1 llevando directamente el fiscal general, Bernardo Rodr\u00edguez Alamilla.<\/p>\n\n\n\n<p>\u00abLamentablemente, en un primer momento, las vicefiscal\u00edas correspondientes no le dieron tr\u00e1mite o atenci\u00f3n a la denuncia inicial (de abril) por lesiones y amenazas que sufri\u00f3 Erick, pero aqu\u00ed el se\u00f1or Juli\u00e1n ha hecho una gran labor de investigaci\u00f3n como pap\u00e1 y en este momento hacemos un llamado a la Fiscal\u00eda General del Estado, al fiscal Bernardo Rodr\u00edguez Alamilla; al titular de la Secretar\u00eda de Seguridad P\u00fablica (Iv\u00e1n Garc\u00eda \u00c1lvarez) y a la Defensor\u00eda de los Derechos Humanos del Pueblo de Oaxaca porque el se\u00f1or Juli\u00e1n ha sufrido intimidaci\u00f3n por este caso\u00bb.<\/p>\n\n\n\n<p><a href=\"https:\/\/x.com\/zonaroja_oaxaca\/status\/1971660080572707236?s=46\">https:\/\/x.com\/zonaroja_oaxaca\/status\/1971660080572707236?s=46<\/a><\/p>\n","protected":false},"excerpt":{"rendered":"<p>Lisbeth Mej\u00eda Reyes\/Zona Roja.&nbsp; Oaxaca, Oaxaca., a 26 de septiembre de 2025.- Por denunciar la&hellip;<\/p>\n","protected":false},"author":2,"featured_media":85107,"comment_status":"closed","ping_status":"open","sticky":false,"template":"","format":"standard","meta":{"_lmt_disableupdate":"","_lmt_disable":"","_jetpack_memberships_contains_paid_content":false,"footnotes":""},"categories":[109,47],"tags":[4465,743],"class_list":["post-85108","post","type-post","status-publish","format-standard","has-post-thumbnail","hentry","category-minuto-a-minuto","category-zona-gris","tag-erick-jair-perez-limon","tag-san-agustin-de-las-juntas"],"jetpack_featured_media_url":"https:\/\/zonaroja.com.mx\/wp-content\/uploads\/2025\/09\/img_3639.jpg","jetpack_sharing_enabled":true,"_links":{"self":[{"href":"https:\/\/zonaroja.com.mx\/index.php?rest_route=\/wp\/v2\/posts\/85108","targetHints":{"allow":["GET"]}}],"collection":[{"href":"https:\/\/zonaroja.com.mx\/index.php?rest_route=\/wp\/v2\/posts"}],"about":[{"href":"https:\/\/zonaroja.com.mx\/index.php?rest_route=\/wp\/v2\/types\/post"}],"author":[{"embeddable":true,"href":"https:\/\/zonaroja.com.mx\/index.php?rest_route=\/wp\/v2\/users\/2"}],"replies":[{"embeddable":true,"href":"https:\/\/zonaroja.com.mx\/index.php?rest_route=%2Fwp%2Fv2%2Fcomments&post=85108"}],"version-history":[{"count":1,"href":"https:\/\/zonaroja.com.mx\/index.php?rest_route=\/wp\/v2\/posts\/85108\/revisions"}],"predecessor-version":[{"id":85109,"href":"https:\/\/zonaroja.com.mx\/index.php?rest_route=\/wp\/v2\/posts\/85108\/revisions\/85109"}],"wp:featuredmedia":[{"embeddable":true,"href":"https:\/\/zonaroja.com.mx\/index.php?rest_route=\/wp\/v2\/media\/85107"}],"wp:attachment":[{"href":"https:\/\/zonaroja.com.mx\/index.php?rest_route=%2Fwp%2Fv2%2Fmedia&parent=85108"}],"wp:term":[{"taxonomy":"category","embeddable":true,"href":"https:\/\/zonaroja.com.mx\/index.php?rest_route=%2Fwp%2Fv2%2Fcategories&post=85108"},{"taxonomy":"post_tag","embeddable":true,"href":"https:\/\/zonaroja.com.mx\/index.php?rest_route=%2Fwp%2Fv2%2Ftags&post=85108"}],"curies":[{"name":"wp","href":"https:\/\/api.w.org\/{rel}","templated":true}]}}