{"id":8511,"date":"2020-02-07T07:24:41","date_gmt":"2020-02-07T13:24:41","guid":{"rendered":"http:\/\/www.zonaroja.com.mx\/?p=8511"},"modified":"2020-02-07T07:24:44","modified_gmt":"2020-02-07T13:24:44","slug":"tras-cateos-en-la-canada-organizaciones-piden-a-sspo-presencia-permanente","status":"publish","type":"post","link":"https:\/\/zonaroja.com.mx\/?p=8511","title":{"rendered":"Tras cateos en la Ca\u00f1ada, organizaciones piden a SSPO presencia permanente"},"content":{"rendered":"\n<p>Redacci\u00f3n\/Zona\nRoja.<\/p>\n\n\n\n<p>Oaxaca\nde Ju\u00e1rez, Oax., 7 de febrero de 2020.- Luego de cateos realizados durante dos\nd\u00edas en Huautla de Jim\u00e9nez y otros puntos de la regi\u00f3n Ca\u00f1ada, organizaciones\nsociales y ediles demandaron al gobierno estatal una presencia permanente en la\nzona.<\/p>\n\n\n\n<p>En\nun comunicado, la autoridad estatal inform\u00f3 que el Frente de Organizaciones\nSociales de la Sierra Mazateca (FOSMA), agradeci\u00f3 al gobierno de Oaxaca que\nencabeza Alejandro Murat Hinojosa, los esfuerzos realizados para garantizar la\nseguridad en esta zona.<\/p>\n\n\n\n<p>Lo\nanterior, luego de que organizaciones de la Sierra Mazateca, solicitaron el\nrespaldo de la Secretar\u00eda de Seguridad P\u00fablica de Oaxaca (SSPO), as\u00ed como de\notras corporaciones como la Guardia Nacional, para garantizar la paz y la\ntranquilidad ciudadana.<\/p>\n\n\n\n<p>En\nrespuesta, el titular de la SSPO, Ernesto Salcedo Rosales, procedi\u00f3 a\ndesarrollar un esquema de coordinaci\u00f3n entre las instancias de seguridad\np\u00fablica para acudir a la zona mazateca y garantizar la seguridad de las y los\nhabitantes.<\/p>\n\n\n\n<p>Mediante\nun trabajo articulado entre la SSPO, la Secretar\u00eda de la Defensa Nacional\n(Sedena), la Guardia Nacional y los tres \u00f3rdenes de gobierno, se garantiz\u00f3 en\nprimer t\u00e9rmino la seguridad e integridad f\u00edsica de los habitantes de Huautla de\nJim\u00e9nez.<\/p>\n\n\n\n<p>De\nesta manera, la SSPO reafirma su compromiso de seguir implementando estrategias\nencaminadas a preservar el orden y la tranquilidad de la ciudadan\u00eda. Juntos,\nsociedad y gobierno construimos un Oaxaca m\u00e1s seguro.<\/p>\n","protected":false},"excerpt":{"rendered":"<p>Redacci\u00f3n\/Zona Roja. Oaxaca de Ju\u00e1rez, Oax., 7 de febrero de 2020.- Luego de cateos realizados&hellip;<\/p>\n","protected":false},"author":2,"featured_media":8512,"comment_status":"closed","ping_status":"open","sticky":false,"template":"","format":"standard","meta":{"_lmt_disableupdate":"","_lmt_disable":"","_jetpack_memberships_contains_paid_content":false,"footnotes":""},"categories":[109,47],"tags":[203,175],"class_list":["post-8511","post","type-post","status-publish","format-standard","has-post-thumbnail","hentry","category-minuto-a-minuto","category-zona-gris","tag-huautla-de-jimenez","tag-secretaria-de-seguridad-publica-de-oaxaca"],"jetpack_featured_media_url":"https:\/\/zonaroja.com.mx\/wp-content\/uploads\/2020\/02\/Operativo-Huautla.jpg","jetpack_sharing_enabled":true,"_links":{"self":[{"href":"https:\/\/zonaroja.com.mx\/index.php?rest_route=\/wp\/v2\/posts\/8511","targetHints":{"allow":["GET"]}}],"collection":[{"href":"https:\/\/zonaroja.com.mx\/index.php?rest_route=\/wp\/v2\/posts"}],"about":[{"href":"https:\/\/zonaroja.com.mx\/index.php?rest_route=\/wp\/v2\/types\/post"}],"author":[{"embeddable":true,"href":"https:\/\/zonaroja.com.mx\/index.php?rest_route=\/wp\/v2\/users\/2"}],"replies":[{"embeddable":true,"href":"https:\/\/zonaroja.com.mx\/index.php?rest_route=%2Fwp%2Fv2%2Fcomments&post=8511"}],"version-history":[{"count":1,"href":"https:\/\/zonaroja.com.mx\/index.php?rest_route=\/wp\/v2\/posts\/8511\/revisions"}],"predecessor-version":[{"id":8513,"href":"https:\/\/zonaroja.com.mx\/index.php?rest_route=\/wp\/v2\/posts\/8511\/revisions\/8513"}],"wp:featuredmedia":[{"embeddable":true,"href":"https:\/\/zonaroja.com.mx\/index.php?rest_route=\/wp\/v2\/media\/8512"}],"wp:attachment":[{"href":"https:\/\/zonaroja.com.mx\/index.php?rest_route=%2Fwp%2Fv2%2Fmedia&parent=8511"}],"wp:term":[{"taxonomy":"category","embeddable":true,"href":"https:\/\/zonaroja.com.mx\/index.php?rest_route=%2Fwp%2Fv2%2Fcategories&post=8511"},{"taxonomy":"post_tag","embeddable":true,"href":"https:\/\/zonaroja.com.mx\/index.php?rest_route=%2Fwp%2Fv2%2Ftags&post=8511"}],"curies":[{"name":"wp","href":"https:\/\/api.w.org\/{rel}","templated":true}]}}