{"id":85124,"date":"2025-09-27T07:46:00","date_gmt":"2025-09-27T13:46:00","guid":{"rendered":"https:\/\/zonaroja.com.mx\/?p=85124"},"modified":"2025-09-27T06:48:09","modified_gmt":"2025-09-27T12:48:09","slug":"urge-la-cidh-a-mexico-a-redoblar-esfuerzos-para-hallar-a-los-43-de-ayotzinapa","status":"publish","type":"post","link":"https:\/\/zonaroja.com.mx\/?p=85124","title":{"rendered":"Urge la CIDH a M\u00e9xico a redoblar esfuerzos para hallar a los 43 de Ayotzinapa"},"content":{"rendered":"\n<p>Redacci\u00f3n\/Zona Roja Cdmx.<\/p>\n\n\n\n<p>Ciudad de M\u00e9xico, a 27 de septiembre de 2025.- La Comisi\u00f3n Interamericana de Derechos Humanos (CIDH) urgi\u00f3 al Estado mexicano a \u201credoblar sus esfuerzos\u201d para conocer el paradero de los 43 normalistas de Ayotzinapa, justo cuando se cumplen 11 a\u00f1os de su desaparici\u00f3n.<\/p>\n\n\n\n<p>En un comunicado este 26 de septiembre de 2025, la CIDH apunt\u00f3 que sigue vigente la medida cautelar 409\/14, emitida por la CIDH el 3 de octubre de 2014, donde la Comisi\u00f3n solicita al Estado determinar la suerte o paradero de los 43 estudiantes de la Escuela Normal Rural \u201cRa\u00fal Isidro Burgos\u201d de Ayotzinapa, Guerrero, desaparecidos entre el 26 y el 27 de septiembre de 2014.<\/p>\n\n\n\n<p>Tambi\u00e9n requiri\u00f3 prestar la debida atenci\u00f3n a los estudiantes sobrevivientes de los violentos ataques de aquella noche en Guerrero.<\/p>\n\n\n\n<p>\u201cDesde entonces, la CIDH ha acompa\u00f1ado activamente a las familias y al Estado en las distintas iniciativas impulsadas para garantizar verdad, justicia y reparaci\u00f3n integral\u201d, indic\u00f3.<\/p>\n\n\n\n<p>Apunt\u00f3 que la Comisi\u00f3n Presidencial para la Verdad y el Acceso a la Justicia del Caso Ayotzinapa (COVAJ) en su \u00faltimo informe advirti\u00f3 el posible involucramiento del crimen organizado, polic\u00edas, militares y otras autoridades estatales en la desaparici\u00f3n de los normalistas.<\/p>\n\n\n\n<p>\u201cPese a lo anterior, 11 a\u00f1os despu\u00e9s, el Estado no termina de esclarecer las circunstancias de la desaparici\u00f3n y las familias contin\u00faan sin conocer qu\u00e9 ocurri\u00f3 con sus seres queridos\u201d, se\u00f1al\u00f3.<\/p>\n\n\n\n<p>La CIDH argument\u00f3 que en los \u00faltimos a\u00f1os las v\u00edctimas y sus representantes mostraron preocupaci\u00f3n por la falta de efectividad de los espacios de di\u00e1logo; la percepci\u00f3n de obst\u00e1culos en el acceso a la justicia, manifestada en el otorgamiento presuntamente irregular de beneficios procesales a militares; y la persistencia de la negativa de entregar documentaci\u00f3n que se encontrar\u00eda bajo custodia de la Secretar\u00eda de la Defensa Nacional.<\/p>\n\n\n\n<p>\u201cLas familias tambi\u00e9n han manifestado temor al regreso de la \u2018verdad hist\u00f3rica\u2019 y cuestionamientos de autoridades hacia sus representantes legales y \u00f3rganos de derechos humanos que han activado mecanismos internacionales para atender el caso, lo cual es motivo de especial preocupaci\u00f3n para la Comisi\u00f3n\u201d, refiri\u00f3.<\/p>\n\n\n\n<p>\u201cLa Comisi\u00f3n ratifica su compromiso con las familias de los 43 estudiantes de Ayotzinapa y resalta su digna lucha por la verdad y la justicia, la cual se ha mantenido inc\u00f3lume por 11 a\u00f1os\u201d, extern\u00f3.<\/p>\n\n\n\n<p>La CIDH lament\u00f3 que en el \u00faltimo a\u00f1o el padre del normalista Luis \u00c1ngel Abarca, el se\u00f1or Donato Abarca Beltr\u00e1n, falleciera sin conocer la verdad sobre la desaparici\u00f3n de su hijo.<\/p>\n\n\n\n<p>(Con informaci\u00f3n de L\u00f3pez-D\u00f3riga Digital)<\/p>\n","protected":false},"excerpt":{"rendered":"<p>Redacci\u00f3n\/Zona Roja Cdmx. Ciudad de M\u00e9xico, a 27 de septiembre de 2025.- La Comisi\u00f3n Interamericana&hellip;<\/p>\n","protected":false},"author":2,"featured_media":72841,"comment_status":"closed","ping_status":"open","sticky":false,"template":"","format":"standard","meta":{"_lmt_disableupdate":"","_lmt_disable":"","_jetpack_memberships_contains_paid_content":false,"footnotes":""},"categories":[109,47],"tags":[1816],"class_list":["post-85124","post","type-post","status-publish","format-standard","has-post-thumbnail","hentry","category-minuto-a-minuto","category-zona-gris","tag-43-desaparecidos-ayotzinapa"],"jetpack_featured_media_url":"https:\/\/zonaroja.com.mx\/wp-content\/uploads\/2024\/09\/Ayotzinapa-normalistas-43.jpg","jetpack_sharing_enabled":true,"_links":{"self":[{"href":"https:\/\/zonaroja.com.mx\/index.php?rest_route=\/wp\/v2\/posts\/85124","targetHints":{"allow":["GET"]}}],"collection":[{"href":"https:\/\/zonaroja.com.mx\/index.php?rest_route=\/wp\/v2\/posts"}],"about":[{"href":"https:\/\/zonaroja.com.mx\/index.php?rest_route=\/wp\/v2\/types\/post"}],"author":[{"embeddable":true,"href":"https:\/\/zonaroja.com.mx\/index.php?rest_route=\/wp\/v2\/users\/2"}],"replies":[{"embeddable":true,"href":"https:\/\/zonaroja.com.mx\/index.php?rest_route=%2Fwp%2Fv2%2Fcomments&post=85124"}],"version-history":[{"count":1,"href":"https:\/\/zonaroja.com.mx\/index.php?rest_route=\/wp\/v2\/posts\/85124\/revisions"}],"predecessor-version":[{"id":85125,"href":"https:\/\/zonaroja.com.mx\/index.php?rest_route=\/wp\/v2\/posts\/85124\/revisions\/85125"}],"wp:featuredmedia":[{"embeddable":true,"href":"https:\/\/zonaroja.com.mx\/index.php?rest_route=\/wp\/v2\/media\/72841"}],"wp:attachment":[{"href":"https:\/\/zonaroja.com.mx\/index.php?rest_route=%2Fwp%2Fv2%2Fmedia&parent=85124"}],"wp:term":[{"taxonomy":"category","embeddable":true,"href":"https:\/\/zonaroja.com.mx\/index.php?rest_route=%2Fwp%2Fv2%2Fcategories&post=85124"},{"taxonomy":"post_tag","embeddable":true,"href":"https:\/\/zonaroja.com.mx\/index.php?rest_route=%2Fwp%2Fv2%2Ftags&post=85124"}],"curies":[{"name":"wp","href":"https:\/\/api.w.org\/{rel}","templated":true}]}}