{"id":85136,"date":"2025-09-27T10:45:00","date_gmt":"2025-09-27T16:45:00","guid":{"rendered":"https:\/\/zonaroja.com.mx\/?p=85136"},"modified":"2025-09-27T07:11:04","modified_gmt":"2025-09-27T13:11:04","slug":"abuso-de-una-nina-de-cinco-anos-en-la-ciudad-de-oaxaca-detenido","status":"publish","type":"post","link":"https:\/\/zonaroja.com.mx\/?p=85136","title":{"rendered":"Abus\u00f3 de una ni\u00f1a de cinco a\u00f1os en la ciudad de Oaxaca; detenido"},"content":{"rendered":"\n<p>Redacci\u00f3n\/Zona Roja.&nbsp;<\/p>\n\n\n\n<p>Oaxaca, Oax., a 27 de septiembre de 2025.- La Fiscal\u00eda General del Estado de Oaxaca (FGEO) obtuvo auto de formal prisi\u00f3n contra una persona del sexo masculino identificada como J.H.C., por el delito de abuso sexual infantil cometido en Oaxaca de Ju\u00e1rez.<\/p>\n\n\n\n<p>De acuerdo a la denuncia asentada en el expediente penal del caso, la agresi\u00f3n sexual ocurri\u00f3 en un domicilio ubicado en la unidad habitacional Ricardo Flores Mag\u00f3n en la ciudad capital, en agravio de la v\u00edctima -una ni\u00f1a de cinco a\u00f1os de edad, cuya identidad est\u00e1 reservada por ley-.<\/p>\n\n\n\n<p>La investigaci\u00f3n detalla que el delito fue descubierto por el padre, cuando en el mes de julio de 2014 intent\u00f3 llevar a su hija con su madre, en ese momento \u00e9l ten\u00eda la guarda y custodia provisional y la madre el derecho de convivencia los fines de semana, pero la menor se resinti\u00f3 y, al mismo tiempo relat\u00f3 la agresi\u00f3n de la que fue v\u00edctima por parte del imputado quien ten\u00eda acceso a los espacios de convivencia de la ni\u00f1a.<\/p>\n\n\n\n<p>Ante este hecho, y tras la denuncia interpuesta, la FGEO atrajo el caso que qued\u00f3 bajo investigaci\u00f3n de la Vicefiscal\u00eda General de Control Regional considerando en el caso el enfoque con perspectiva de infancia, logrando aprehender y llevar ante el juez a J.H.C.<\/p>\n\n\n\n<p>Una vez valoradas los datos de prueba, el Juez en audiencia dict\u00f3 auto de formal prisi\u00f3n contra J.H.C., por el delito de abuso sexual infantil.<\/p>\n\n\n\n<p>DETENIDO POR DESAPARICI\u00d3N<\/p>\n\n\n\n<p>Por otra parte, la Fiscal\u00eda General logr\u00f3 la detenci\u00f3n de una persona del sexo masculino identificado como A.P.A.V. por el delito de desaparici\u00f3n de personas cometida por particulares, hechos ocurridos en Huautla de Jim\u00e9nez.&nbsp;<\/p>\n\n\n\n<p>De acuerdo con la carpeta de investigaci\u00f3n los hechos ocurrieron el 15 de junio de 2019, cuando la v\u00edctima se encontraba en su negocio ubicado en el municipio de Huautla de Jim\u00e9nez, quien sali\u00f3 despu\u00e9s de recibir una llamada telef\u00f3nica, sin embargo, al transitar por calles de ese municipio, fue interceptado por un grupo de personas, quienes lo amagaron con armas de fuego, lo sacaron de su veh\u00edculo y se lo llevaron con rumbo desconocido.&nbsp;<\/p>\n\n\n\n<p>Al tener conocimiento de estos hechos la Fiscal\u00eda de Oaxaca, a trav\u00e9s de la Vicefiscal\u00eda General de Control Regional, inici\u00f3 la investigaci\u00f3n correspondiente, por lo cual intervinieron en el proceso equipos multidisciplinarios quienes realizaron investigaciones integrales aplicando los protocolos de b\u00fasqueda y localizaci\u00f3n de personas, lo que permiti\u00f3 obtener una orden de aprehensi\u00f3n en contra de A.P.A.V. por el delito de desaparici\u00f3n de personas cometida por particulares.<\/p>\n\n\n\n<p>Tras la detenci\u00f3n de A.P.A.V. fue puesto a disposici\u00f3n de la autoridad correspondiente para que se determine su situaci\u00f3n jur\u00eddica.<\/p>\n","protected":false},"excerpt":{"rendered":"<p>Redacci\u00f3n\/Zona Roja.&nbsp; Oaxaca, Oax., a 27 de septiembre de 2025.- La Fiscal\u00eda General del Estado&hellip;<\/p>\n","protected":false},"author":2,"featured_media":85137,"comment_status":"closed","ping_status":"open","sticky":false,"template":"","format":"standard","meta":{"_lmt_disableupdate":"","_lmt_disable":"","_jetpack_memberships_contains_paid_content":false,"footnotes":""},"categories":[109,46],"tags":[494],"class_list":["post-85136","post","type-post","status-publish","format-standard","has-post-thumbnail","hentry","category-minuto-a-minuto","category-zona-blanca","tag-fiscalia-general-del-estado-de-oaxaca"],"jetpack_featured_media_url":"https:\/\/zonaroja.com.mx\/wp-content\/uploads\/2025\/09\/Abuso-sexual-ciudad-de-Oaxaca-detenido.jpg","jetpack_sharing_enabled":true,"_links":{"self":[{"href":"https:\/\/zonaroja.com.mx\/index.php?rest_route=\/wp\/v2\/posts\/85136","targetHints":{"allow":["GET"]}}],"collection":[{"href":"https:\/\/zonaroja.com.mx\/index.php?rest_route=\/wp\/v2\/posts"}],"about":[{"href":"https:\/\/zonaroja.com.mx\/index.php?rest_route=\/wp\/v2\/types\/post"}],"author":[{"embeddable":true,"href":"https:\/\/zonaroja.com.mx\/index.php?rest_route=\/wp\/v2\/users\/2"}],"replies":[{"embeddable":true,"href":"https:\/\/zonaroja.com.mx\/index.php?rest_route=%2Fwp%2Fv2%2Fcomments&post=85136"}],"version-history":[{"count":1,"href":"https:\/\/zonaroja.com.mx\/index.php?rest_route=\/wp\/v2\/posts\/85136\/revisions"}],"predecessor-version":[{"id":85138,"href":"https:\/\/zonaroja.com.mx\/index.php?rest_route=\/wp\/v2\/posts\/85136\/revisions\/85138"}],"wp:featuredmedia":[{"embeddable":true,"href":"https:\/\/zonaroja.com.mx\/index.php?rest_route=\/wp\/v2\/media\/85137"}],"wp:attachment":[{"href":"https:\/\/zonaroja.com.mx\/index.php?rest_route=%2Fwp%2Fv2%2Fmedia&parent=85136"}],"wp:term":[{"taxonomy":"category","embeddable":true,"href":"https:\/\/zonaroja.com.mx\/index.php?rest_route=%2Fwp%2Fv2%2Fcategories&post=85136"},{"taxonomy":"post_tag","embeddable":true,"href":"https:\/\/zonaroja.com.mx\/index.php?rest_route=%2Fwp%2Fv2%2Ftags&post=85136"}],"curies":[{"name":"wp","href":"https:\/\/api.w.org\/{rel}","templated":true}]}}