{"id":8514,"date":"2020-02-07T08:51:38","date_gmt":"2020-02-07T14:51:38","guid":{"rendered":"http:\/\/www.zonaroja.com.mx\/?p=8514"},"modified":"2020-02-07T08:52:33","modified_gmt":"2020-02-07T14:52:33","slug":"abre-fiscalia-otro-frente-de-conflicto-a-gobernador-ahora-en-el-istmo","status":"publish","type":"post","link":"https:\/\/zonaroja.com.mx\/?p=8514","title":{"rendered":"Abre Fiscal\u00eda otro frente de conflicto a gobernador, ahora en el Istmo"},"content":{"rendered":"\n<p>Redacci\u00f3n\/Zona\nRoja.<\/p>\n\n\n\n<p>Oaxaca\nde Ju\u00e1rez, Oax., 7 de febrero de 2020.- El Frente Unido de Comunidades Oaxaque\u00f1as\n(FUCO) acus\u00f3 a la Fiscal\u00eda General del Estado de criminalizar y perseguir a la\norganizaci\u00f3n social, al detener a uno de sus militantes, el pasado mi\u00e9rcoles 5\nde febrero.<\/p>\n\n\n\n<p>Asimismo,\ndemand\u00f3 a la Federaci\u00f3n que est\u00e9 pendiente del actuar los funcionarios\nestatales, pues \u201cesto no es un hecho aislado, esto ha sido consecuentemente\ntanto para los presidentes municipales del Istmo de Tehuantepec, y agremiados\nde nuestra organizaci\u00f3n donde se busca a callar nuestras voces\u201d, dijo Raciel\nCabrera, vocero del FUCO.<\/p>\n\n\n\n<p>Este\njueves, presidentes municipales de Juchit\u00e1n de Zaragoza, Santo Domingo\nTehuantepec, Salina Cruz, San Blas Atempa y Mat\u00edas Romero Avenda\u00f1o, entre\notros, exigieron al Gobierno del Estado cese al hostigamiento.<\/p>\n\n\n\n<p>Demandaron\nla liberaci\u00f3n de V\u00edctor Manuel Ram\u00edrez Jim\u00e9nez, quien presuntamente est\u00e1\nacusado de homicidio, de hechos ocurridos el 27 de febrero de 2019, cuando\nocurri\u00f3 un enfrentamiento entre trabajadores del ayuntamiento de Tehuantepec,\ncon incendio de unidades de motor, en que falleci\u00f3 Balam Eduardo Toledo\nCastillejos.<\/p>\n\n\n\n<p>Acusaron\na la Fiscal\u00eda, que encabeza Rub\u00e9n Vasconcelos M\u00e9ndez, de desviar la\ninvestigaci\u00f3n y exigen justicia, \u201cpedimos un cese a la persecuci\u00f3n por parte\ndel Gobierno del Estado y el hostigamiento por parte de la Fiscal\u00eda General del\nEstado\u201d, expusieron.<\/p>\n\n\n\n<p>El\ndirigente estatal del FUCO y edil de San Blas Atempa, Antonino Morales Toledo, asever\u00f3:\n\u201cNo somos cobardes y trabajamos de manera pac\u00edfica, porque hemos tenido el\nmejor ejemplo del Presidente dela Rep\u00fablica, sin violencia, apost\u00e1ndole al\ndi\u00e1logo, esa es la diferencia con el Gobierno del Estado\u201d.<\/p>\n\n\n\n<p>Recalcaron que no quitar\u00e1n el dedo del rengl\u00f3n hasta ver esclarecido los hechos, donde sus compa\u00f1eros fueron agredidos y privados de su libertad.<\/p>\n","protected":false},"excerpt":{"rendered":"<p>Redacci\u00f3n\/Zona Roja. Oaxaca de Ju\u00e1rez, Oax., 7 de febrero de 2020.- El Frente Unido de&hellip;<\/p>\n","protected":false},"author":2,"featured_media":8515,"comment_status":"closed","ping_status":"open","sticky":false,"template":"","format":"standard","meta":{"_lmt_disableupdate":"","_lmt_disable":"","_jetpack_memberships_contains_paid_content":false,"footnotes":""},"categories":[109,47],"tags":[],"class_list":["post-8514","post","type-post","status-publish","format-standard","has-post-thumbnail","hentry","category-minuto-a-minuto","category-zona-gris"],"jetpack_featured_media_url":"https:\/\/zonaroja.com.mx\/wp-content\/uploads\/2020\/02\/FUCO.jpg","jetpack_sharing_enabled":true,"_links":{"self":[{"href":"https:\/\/zonaroja.com.mx\/index.php?rest_route=\/wp\/v2\/posts\/8514","targetHints":{"allow":["GET"]}}],"collection":[{"href":"https:\/\/zonaroja.com.mx\/index.php?rest_route=\/wp\/v2\/posts"}],"about":[{"href":"https:\/\/zonaroja.com.mx\/index.php?rest_route=\/wp\/v2\/types\/post"}],"author":[{"embeddable":true,"href":"https:\/\/zonaroja.com.mx\/index.php?rest_route=\/wp\/v2\/users\/2"}],"replies":[{"embeddable":true,"href":"https:\/\/zonaroja.com.mx\/index.php?rest_route=%2Fwp%2Fv2%2Fcomments&post=8514"}],"version-history":[{"count":2,"href":"https:\/\/zonaroja.com.mx\/index.php?rest_route=\/wp\/v2\/posts\/8514\/revisions"}],"predecessor-version":[{"id":8517,"href":"https:\/\/zonaroja.com.mx\/index.php?rest_route=\/wp\/v2\/posts\/8514\/revisions\/8517"}],"wp:featuredmedia":[{"embeddable":true,"href":"https:\/\/zonaroja.com.mx\/index.php?rest_route=\/wp\/v2\/media\/8515"}],"wp:attachment":[{"href":"https:\/\/zonaroja.com.mx\/index.php?rest_route=%2Fwp%2Fv2%2Fmedia&parent=8514"}],"wp:term":[{"taxonomy":"category","embeddable":true,"href":"https:\/\/zonaroja.com.mx\/index.php?rest_route=%2Fwp%2Fv2%2Fcategories&post=8514"},{"taxonomy":"post_tag","embeddable":true,"href":"https:\/\/zonaroja.com.mx\/index.php?rest_route=%2Fwp%2Fv2%2Ftags&post=8514"}],"curies":[{"name":"wp","href":"https:\/\/api.w.org\/{rel}","templated":true}]}}