{"id":85146,"date":"2025-09-27T17:08:49","date_gmt":"2025-09-27T23:08:49","guid":{"rendered":"https:\/\/zonaroja.com.mx\/?p=85146"},"modified":"2025-09-27T17:08:49","modified_gmt":"2025-09-27T23:08:49","slug":"designa-la-seculta-a-jorge-pech-en-la-coordinacion-del-mupo","status":"publish","type":"post","link":"https:\/\/zonaroja.com.mx\/?p=85146","title":{"rendered":"Designa la Seculta a Jorge Pech en la coordinaci\u00f3n del MUPO"},"content":{"rendered":"\n<p>Lisbeth Mej\u00eda Reyes\/Zona Roja.&nbsp;<\/p>\n\n\n\n<p>Oaxaca, Oax., a 27 de septiembre de 2025.- Seguir la ruta iniciada por su antecesora, tanto en la apertura f\u00edsica del museo como en lo referente a la comunidad de artistas, es el compromiso del escritor y cr\u00edtico de arte Jorge Pech Casanova, quien este viernes fue nombrado como nuevo coordinador del todav\u00eda Museo de los Pintores Oaxaque\u00f1os (MUPO).<\/p>\n\n\n\n<p>\u00abLo que viene es la apertura del museo en todos los sentidos porque como muchas instituciones muse\u00edsticas ha estado cerrada a la comunidad de artistas. Nidia Mart\u00ednez abri\u00f3 mucho esa parte del museo y le dio entrada a artistas que nunca hab\u00edan tenido la oportunidad de exponer y que se lo merec\u00edan\u00bb, cuenta en entrevista el autor del libro \u00abArtistas de Oaxaca\u00bb.&nbsp;<\/p>\n\n\n\n<p>Fue durante la presentaci\u00f3n de su segundo volumen cuando en este museo de la ciudad de Oaxaca recibi\u00f3 la sorpresa de su nombramiento por parte del secretario de las Culturas y Artes (Seculta), Flavio Sosa Villavicencio.<\/p>\n\n\n\n<p>\u00abNo esperaba para nada esta distinci\u00f3n y compromiso\u00bb, dice Pech, quien tras casi tres d\u00e9cadas de habitar en Oaxaca ha conocido el desarrollo de las artes en la entidad.<\/p>\n\n\n\n<p>Jorge asumir\u00e1 el cargo el 1 de octubre y reitera que seguir\u00e1 la labor iniciada por Mart\u00ednez Esteva, quien sigue al frente del MUPO hasta el \u00faltimo d\u00eda de septiembre, desde que tom\u00f3 la responsabilidad en abril de este a\u00f1o.<\/p>\n\n\n\n<p>\u00abHay un plan que ella dej\u00f3, que me parece muy acertado\u00bb, prosigue el autor sobre aspectos como el concretar la creaci\u00f3n de un consejo art\u00edstico para definir las exposiciones del recinto que este 1 de octubre cumplir\u00e1 21 a\u00f1os.<\/p>\n\n\n\n<p>Por ahora, el museo sigue en rehabilitaci\u00f3n y por lo mismo est\u00e1 cerrado al p\u00fablico, pero de espera que reabra antes de la primera quincena de octubre con una exposici\u00f3n de la artista Siegrid Wiese, explica Jorge.<\/p>\n\n\n\n<p>Tambi\u00e9n subraya que previo a esa reapertura Nidia Mart\u00ednez Esteva \u00abestaba haciendo una gran labor\u00bb, pues sane\u00f3 el museo f\u00edsica, financiera y moralmente.<\/p>\n\n\n\n<p>\u00abHizo muy buen trabajo y le toc\u00f3 supervisar las obras de rehabilitaci\u00f3n del edificio que creo que desde 2011 o 2012 no recib\u00eda una rehabilitaci\u00f3n a fondo. Ahora qued\u00f3 precioso el edificio, todav\u00eda est\u00e1n trabajando en \u00e9l, pero muy pronto lo van a entregar. El edificio recuper\u00f3 su dignidad\u00bb, apunta el nuevo director del MUPO, recinto que pronto se renombrar\u00e1 como Museo de la Pl\u00e1stica Oaxaque\u00f1a.<\/p>\n\n\n\n<p>Ese nombre es resultado de una exigencia que por a\u00f1os han mantenido varias mujeres artistas de Oaxaca o que han hecho de este estado su hogar. Es tambi\u00e9n una demanda que encontr\u00f3 eco en el congreso local, donde la diputada Irma Pineda Santiago promovi\u00f3 el exhorto para el nuevo nombre que tendr\u00e1 que concretar la Secretar\u00eda de las Culturas y Artes.<\/p>\n\n\n\n<p>\u00abYo estoy totalmente a favor, me parece que es una medida de justicia\u00bb, apunta el reci\u00e9n nombrado director del MUPO.<\/p>\n","protected":false},"excerpt":{"rendered":"<p>Lisbeth Mej\u00eda Reyes\/Zona Roja.&nbsp; Oaxaca, Oax., a 27 de septiembre de 2025.- Seguir la ruta&hellip;<\/p>\n","protected":false},"author":2,"featured_media":85145,"comment_status":"closed","ping_status":"open","sticky":false,"template":"","format":"standard","meta":{"_lmt_disableupdate":"","_lmt_disable":"","_jetpack_memberships_contains_paid_content":false,"footnotes":""},"categories":[1,46],"tags":[4406],"class_list":["post-85146","post","type-post","status-publish","format-standard","has-post-thumbnail","hentry","category-sin-categoria","category-zona-blanca","tag-jorge-pech-casanova"],"jetpack_featured_media_url":"https:\/\/zonaroja.com.mx\/wp-content\/uploads\/2025\/09\/6e701fe8-fb63-4761-a25d-fefe92c6fbd4.jpg","jetpack_sharing_enabled":true,"_links":{"self":[{"href":"https:\/\/zonaroja.com.mx\/index.php?rest_route=\/wp\/v2\/posts\/85146","targetHints":{"allow":["GET"]}}],"collection":[{"href":"https:\/\/zonaroja.com.mx\/index.php?rest_route=\/wp\/v2\/posts"}],"about":[{"href":"https:\/\/zonaroja.com.mx\/index.php?rest_route=\/wp\/v2\/types\/post"}],"author":[{"embeddable":true,"href":"https:\/\/zonaroja.com.mx\/index.php?rest_route=\/wp\/v2\/users\/2"}],"replies":[{"embeddable":true,"href":"https:\/\/zonaroja.com.mx\/index.php?rest_route=%2Fwp%2Fv2%2Fcomments&post=85146"}],"version-history":[{"count":1,"href":"https:\/\/zonaroja.com.mx\/index.php?rest_route=\/wp\/v2\/posts\/85146\/revisions"}],"predecessor-version":[{"id":85147,"href":"https:\/\/zonaroja.com.mx\/index.php?rest_route=\/wp\/v2\/posts\/85146\/revisions\/85147"}],"wp:featuredmedia":[{"embeddable":true,"href":"https:\/\/zonaroja.com.mx\/index.php?rest_route=\/wp\/v2\/media\/85145"}],"wp:attachment":[{"href":"https:\/\/zonaroja.com.mx\/index.php?rest_route=%2Fwp%2Fv2%2Fmedia&parent=85146"}],"wp:term":[{"taxonomy":"category","embeddable":true,"href":"https:\/\/zonaroja.com.mx\/index.php?rest_route=%2Fwp%2Fv2%2Fcategories&post=85146"},{"taxonomy":"post_tag","embeddable":true,"href":"https:\/\/zonaroja.com.mx\/index.php?rest_route=%2Fwp%2Fv2%2Ftags&post=85146"}],"curies":[{"name":"wp","href":"https:\/\/api.w.org\/{rel}","templated":true}]}}