{"id":85152,"date":"2025-09-28T07:45:00","date_gmt":"2025-09-28T13:45:00","guid":{"rendered":"https:\/\/zonaroja.com.mx\/?p=85152"},"modified":"2025-09-28T06:22:39","modified_gmt":"2025-09-28T12:22:39","slug":"aumentan-a-31-muertes-por-explosion-de-pipa-en-iztapalapa","status":"publish","type":"post","link":"https:\/\/zonaroja.com.mx\/?p=85152","title":{"rendered":"Aumentan a 31 muertes por explosi\u00f3n de pipa en Iztapalapa"},"content":{"rendered":"\n<p>Redacci\u00f3n\/Zona Roja Cdmx.<\/p>\n\n\n\n<p>Ciudad de M\u00e9xico, a 28 de septiembre de 2025.- La tragedia ocurrida en el puente de La Concordia cobr\u00f3 una nueva v\u00edctima, elevando la cifra de fallecimientos a 31.<\/p>\n\n\n\n<p>La noche de este s\u00e1bado se report\u00f3 el deceso del ur\u00f3logo \u00d3scar Uriel Garc\u00eda Rivera, de 31 a\u00f1os, quien hab\u00eda resultado con quemaduras graves tras la explosi\u00f3n de la pipa de gas ocurrida hace 17 d\u00edas en los l\u00edmites de la alcald\u00eda Iztapalapa.<\/p>\n\n\n\n<p>El ISSSTE confirm\u00f3 en sus redes sociales el \u201clamentable fallecimiento\u201d del doctor Garc\u00eda Rivera, egresado del Centro M\u00e9dico Nacional 20 de Noviembre.<\/p>\n\n\n\n<p>Tras resultar lesionado, el m\u00e9dico fue ingresado inicialmente al Hospital Emiliano Zapata y luego trasladado al Hospital Balbuena.<\/p>\n\n\n\n<p>Debido a la gravedad de sus quemaduras, que afectaban 80% de su cuerpo, la atenci\u00f3n final se le ofreci\u00f3 en el Hospital General 20 de Noviembre.<\/p>\n\n\n\n<p>En su \u00faltimo reporte, la Secretar\u00eda de Salud inform\u00f3 que 13 personas contin\u00faan hospitalizadas y otras 40 ya han sido dadas de alta.<\/p>\n\n\n\n<p>(Informaci\u00f3n de \u201cExc\u00e9lsior\u201d)<\/p>\n","protected":false},"excerpt":{"rendered":"<p>Redacci\u00f3n\/Zona Roja Cdmx. Ciudad de M\u00e9xico, a 28 de septiembre de 2025.- La tragedia ocurrida&hellip;<\/p>\n","protected":false},"author":2,"featured_media":84552,"comment_status":"closed","ping_status":"open","sticky":false,"template":"","format":"standard","meta":{"_lmt_disableupdate":"","_lmt_disable":"","_jetpack_memberships_contains_paid_content":false,"footnotes":""},"categories":[109,47],"tags":[4443],"class_list":["post-85152","post","type-post","status-publish","format-standard","has-post-thumbnail","hentry","category-minuto-a-minuto","category-zona-gris","tag-explosion-pipa-iztapalapa"],"jetpack_featured_media_url":"https:\/\/zonaroja.com.mx\/wp-content\/uploads\/2025\/09\/Incendio-pipa-Cdmx-Iztapalapa.jpg","jetpack_sharing_enabled":true,"_links":{"self":[{"href":"https:\/\/zonaroja.com.mx\/index.php?rest_route=\/wp\/v2\/posts\/85152","targetHints":{"allow":["GET"]}}],"collection":[{"href":"https:\/\/zonaroja.com.mx\/index.php?rest_route=\/wp\/v2\/posts"}],"about":[{"href":"https:\/\/zonaroja.com.mx\/index.php?rest_route=\/wp\/v2\/types\/post"}],"author":[{"embeddable":true,"href":"https:\/\/zonaroja.com.mx\/index.php?rest_route=\/wp\/v2\/users\/2"}],"replies":[{"embeddable":true,"href":"https:\/\/zonaroja.com.mx\/index.php?rest_route=%2Fwp%2Fv2%2Fcomments&post=85152"}],"version-history":[{"count":1,"href":"https:\/\/zonaroja.com.mx\/index.php?rest_route=\/wp\/v2\/posts\/85152\/revisions"}],"predecessor-version":[{"id":85153,"href":"https:\/\/zonaroja.com.mx\/index.php?rest_route=\/wp\/v2\/posts\/85152\/revisions\/85153"}],"wp:featuredmedia":[{"embeddable":true,"href":"https:\/\/zonaroja.com.mx\/index.php?rest_route=\/wp\/v2\/media\/84552"}],"wp:attachment":[{"href":"https:\/\/zonaroja.com.mx\/index.php?rest_route=%2Fwp%2Fv2%2Fmedia&parent=85152"}],"wp:term":[{"taxonomy":"category","embeddable":true,"href":"https:\/\/zonaroja.com.mx\/index.php?rest_route=%2Fwp%2Fv2%2Fcategories&post=85152"},{"taxonomy":"post_tag","embeddable":true,"href":"https:\/\/zonaroja.com.mx\/index.php?rest_route=%2Fwp%2Fv2%2Ftags&post=85152"}],"curies":[{"name":"wp","href":"https:\/\/api.w.org\/{rel}","templated":true}]}}