{"id":85154,"date":"2025-09-28T08:45:00","date_gmt":"2025-09-28T14:45:00","guid":{"rendered":"https:\/\/zonaroja.com.mx\/?p=85154"},"modified":"2025-09-28T06:37:11","modified_gmt":"2025-09-28T12:37:11","slug":"el-dif-oaxaca-lleva-apoyos-alimentarios-a-comunidades-de-la-costa","status":"publish","type":"post","link":"https:\/\/zonaroja.com.mx\/?p=85154","title":{"rendered":"El DIF Oaxaca lleva apoyos alimentarios a comunidades de la Costa"},"content":{"rendered":"\n<p>Redacci\u00f3n\/Zona Roja.&nbsp;<\/p>\n\n\n\n<p>Oaxaca, Oax., a 28 de septiembre de 2025.- En gira de trabajo por la regi\u00f3n Costa junto con el gobernador Salom\u00f3n Jara Cruz, la presidenta del DIF Oaxaca, Irma Bola\u00f1os Quijano, llev\u00f3 apoyos a comunidades de Santiago Tetepec, Santiago Jamiltepec, Villa de Tututepec, Tataltepec de Vald\u00e9s y Santo Domingo de Morelos.<\/p>\n\n\n\n<p>En Tetepec y Jamiltepec, la presidenta honoraria del Sistema Estatal para el Desarrollo Integral de la Familia entreg\u00f3 de manera directa apoyos alimentarios en beneficio de 553 personas.<\/p>\n\n\n\n<p>En su mensaje, Bola\u00f1os Quijano expres\u00f3 que estos apoyos constituyen el rostro humano del gobierno, que atiende de manera directa las necesidades de la poblaci\u00f3n y prioriza las agencias, que son los lugares donde hay m\u00e1s carencias.<\/p>\n\n\n\n<p>\u201cNosotros somos gente de territorio, como lo indica el gobernador; porque hay que caminar para ayudarles y darles a conocer los programas que ofrece el organismo estatal\u201d, afirm\u00f3.<\/p>\n\n\n\n<p>El mandatario estatal mencion\u00f3 que el Gobierno de Oaxaca busca estar cerca de quienes m\u00e1s lo necesitan; por lo que estos apoyos est\u00e1n orientados al bienestar y desarrollo de la ni\u00f1ez, la juventud y las personas adultas mayores, que merecen reconocimiento, respeto y cuidado, toda vez que son ra\u00edz de la identidad.<\/p>\n\n\n\n<p>\u201cEstamos trabajando para que la poblaci\u00f3n tenga una alimentaci\u00f3n suficiente y de calidad. Estoy contento y agradecido que el equipo del Sistema DIF Oaxaca respalde a los pueblos y comunidades con estos programas en todo el estado\u201d, destac\u00f3.<\/p>\n\n\n\n<figure class=\"wp-block-embed is-type-rich is-provider-twitter wp-block-embed-twitter\"><div class=\"wp-block-embed__wrapper\">\n<div class=\"twitter-tweet\"><blockquote class=\"twitter-tweet\" data-lang=\"es\"><p lang=\"es\" dir=\"ltr\">Santo Domingo de Morelos fue uno de los municipios beneficiados con los programas alimentarios del organismo estatal, los cuales van a <a href=\"https:\/\/twitter.com\/hashtag\/NutrirConAmor?src=hash&amp;ref_src=twsrc%5Etfw\">#NutrirConAmor<\/a> a la ni\u00f1ez y adolescencia, madres, personas mayores o con discapacidad. <br><br>La Presidenta Honoraria, <a href=\"https:\/\/twitter.com\/Irma_BolanosOax?ref_src=twsrc%5Etfw\">@Irma_BolanosOax<\/a> y el <a href=\"https:\/\/t.co\/vYMKoedjqA\">pic.twitter.com\/vYMKoedjqA<\/a><\/p>&mdash; DIF Oaxaca (@DIF_Oaxaca) <a href=\"https:\/\/twitter.com\/DIF_Oaxaca\/status\/1972120393126388058?ref_src=twsrc%5Etfw\">28 de septiembre de 2025<\/a><\/blockquote><\/div>\n<\/div><\/figure>\n\n\n\n<p>En Santiago Tetepec, se favorecieron a 308 personas con los programas alimentarios Itacate de mi Coraz\u00f3n, Latido Nutritivo, as\u00ed como el subprograma Guisos de mi Pueblo, que garantizan una adecuada nutrici\u00f3n, la cual influye en el desempe\u00f1o de las actividades diarias de la gente. Tambi\u00e9n se entregaron de manera gratuita lentes de vista cansada.<\/p>\n\n\n\n<p>Santiago Jamiltepec recibi\u00f3 los mismos apoyos alimentarios y de manera adicional el programa Desayuno de Letritas, en atenci\u00f3n a 245 personas del municipio.<\/p>\n\n\n\n<p>GIRA DE DOS D\u00cdAS<\/p>\n\n\n\n<p>Como parte de una gira de trabajo durante dos d\u00edas por la regi\u00f3n Costa, tambi\u00e9n acudieron Villa de Tututepec, donde se anunci\u00f3 que se construir\u00e1 un Centro de Autismo, el cual beneficiar\u00e1 a la poblaci\u00f3n de la regi\u00f3n.&nbsp;<\/p>\n\n\n\n<p>En ese municipio, se otorg\u00f3 404 canastas alimentarias que benefician tambi\u00e9n a habitantes del municipio de Tataltepec de Vald\u00e9s, lo que facilita el acceso a una alimentaci\u00f3n digna y diaria.<\/p>\n\n\n\n<p>Ah\u00ed, tambi\u00e9n se entregaron sillas de ruedas, andaderas, bastones y lentes para vista cansada; adem\u00e1s se dot\u00f3 de material al Club de Personas Adultas Mayores de esta municipalidad para las manualidades de las usuarias y usuarios.<\/p>\n\n\n\n<p>Asimismo, en Santo Domingo de Morelos se otorgaron 530 apoyos alimentarios, aparatos funcionales y lentes para vista cansada.&nbsp;<\/p>\n","protected":false},"excerpt":{"rendered":"<p>Redacci\u00f3n\/Zona Roja.&nbsp; Oaxaca, Oax., a 28 de septiembre de 2025.- En gira de trabajo por&hellip;<\/p>\n","protected":false},"author":2,"featured_media":85158,"comment_status":"closed","ping_status":"open","sticky":false,"template":"","format":"standard","meta":{"_lmt_disableupdate":"","_lmt_disable":"","_jetpack_memberships_contains_paid_content":false,"footnotes":""},"categories":[109,46],"tags":[841,3682,939],"class_list":["post-85154","post","type-post","status-publish","format-standard","has-post-thumbnail","hentry","category-minuto-a-minuto","category-zona-blanca","tag-dif-oaxaca","tag-irma-bolanos-quijano","tag-salomon-jara-cruz"],"jetpack_featured_media_url":"https:\/\/zonaroja.com.mx\/wp-content\/uploads\/2025\/09\/Apoyos-DIF-Jamiltepec-Oaxaca.jpeg","jetpack_sharing_enabled":true,"_links":{"self":[{"href":"https:\/\/zonaroja.com.mx\/index.php?rest_route=\/wp\/v2\/posts\/85154","targetHints":{"allow":["GET"]}}],"collection":[{"href":"https:\/\/zonaroja.com.mx\/index.php?rest_route=\/wp\/v2\/posts"}],"about":[{"href":"https:\/\/zonaroja.com.mx\/index.php?rest_route=\/wp\/v2\/types\/post"}],"author":[{"embeddable":true,"href":"https:\/\/zonaroja.com.mx\/index.php?rest_route=\/wp\/v2\/users\/2"}],"replies":[{"embeddable":true,"href":"https:\/\/zonaroja.com.mx\/index.php?rest_route=%2Fwp%2Fv2%2Fcomments&post=85154"}],"version-history":[{"count":1,"href":"https:\/\/zonaroja.com.mx\/index.php?rest_route=\/wp\/v2\/posts\/85154\/revisions"}],"predecessor-version":[{"id":85159,"href":"https:\/\/zonaroja.com.mx\/index.php?rest_route=\/wp\/v2\/posts\/85154\/revisions\/85159"}],"wp:featuredmedia":[{"embeddable":true,"href":"https:\/\/zonaroja.com.mx\/index.php?rest_route=\/wp\/v2\/media\/85158"}],"wp:attachment":[{"href":"https:\/\/zonaroja.com.mx\/index.php?rest_route=%2Fwp%2Fv2%2Fmedia&parent=85154"}],"wp:term":[{"taxonomy":"category","embeddable":true,"href":"https:\/\/zonaroja.com.mx\/index.php?rest_route=%2Fwp%2Fv2%2Fcategories&post=85154"},{"taxonomy":"post_tag","embeddable":true,"href":"https:\/\/zonaroja.com.mx\/index.php?rest_route=%2Fwp%2Fv2%2Ftags&post=85154"}],"curies":[{"name":"wp","href":"https:\/\/api.w.org\/{rel}","templated":true}]}}