{"id":85164,"date":"2025-09-28T11:35:00","date_gmt":"2025-09-28T17:35:00","guid":{"rendered":"https:\/\/zonaroja.com.mx\/?p=85164"},"modified":"2025-09-28T07:12:39","modified_gmt":"2025-09-28T13:12:39","slug":"asesinan-a-un-policia-al-dia-en-el-pais-de-los-272-oaxaca-registra-11","status":"publish","type":"post","link":"https:\/\/zonaroja.com.mx\/?p=85164","title":{"rendered":"Asesinan a un polic\u00eda al d\u00eda en el pa\u00eds; de los 272, Oaxaca registra 11"},"content":{"rendered":"\n<p>Lisbeth Mej\u00eda Reyes\/Zona Roja.<\/p>\n\n\n\n<p>Oaxaca, Oax., a 28 de septiembre de 2025.- En lo que va del a\u00f1o 2025 (hasta el 18 de septiembre), en el pa\u00eds han sido asesinados al menos 272 polic\u00edas, en promedio 1 cada d\u00eda, y 23% m\u00e1s que los registrados en el mismo periodo de 2024, de acuerdo con los registros de la organizaci\u00f3n Causa en Com\u00fan.<\/p>\n\n\n\n<p>Del total nacional, 252 eran hombres y 20 eran mujeres. Por tipo de polic\u00eda, la organizaci\u00f3n report\u00f3 que hasta ahora han sido principalmente los municipales los m\u00e1s afectados, con 189; estatales, con 66, y federales, con 17. En estos \u00faltimos se consideran a los elementos de la Guardia Nacional.<\/p>\n\n\n\n<p>En su reporte, la organizaci\u00f3n muestra que los estados con m\u00e1s polic\u00edas asesinados en 2025 son: Sinaloa (37), Guerrero (35), Guanajuato (32), Michoac\u00e1n (25) y Veracruz (17).&nbsp;<\/p>\n\n\n\n<p>Sin embargo, el estado de Oaxaca ocupa el s\u00e9ptimo sitio a nivel nacional, con 11 elementos privados de la vida. De estos, el mayor n\u00famero de asesinatos en contra de elementos en Oaxaca ocurrieron en el mes de enero, con 7 v\u00edctimas. Los dem\u00e1s ocurrieron en abril (1) y mayo (3).<\/p>\n\n\n\n<p>De entre los 32 estados, \u00fanicamente son seis los que no han reportado asesinatos de polic\u00edas: Yucat\u00e1n, Tamaulipas, San Luis Potos\u00ed, Nayarit, Durango y Coahuila.<\/p>\n\n\n\n<p>Si se cuentan por sexenio, la organizaci\u00f3n se\u00f1ala que del 1\u00b0 de octubre de 2024 al 18 de septiembre de 2025, en la gesti\u00f3n de la presidenta Claudia Sheinbaum, se han registrado, al menos, 366 polic\u00edas asesinados. Esto tambi\u00e9n representa al menos un polic\u00eda privado de la vida diariamente.<\/p>\n","protected":false},"excerpt":{"rendered":"<p>Lisbeth Mej\u00eda Reyes\/Zona Roja. Oaxaca, Oax., a 28 de septiembre de 2025.- En lo que&hellip;<\/p>\n","protected":false},"author":2,"featured_media":64903,"comment_status":"closed","ping_status":"open","sticky":false,"template":"","format":"standard","meta":{"_lmt_disableupdate":"","_lmt_disable":"","_jetpack_memberships_contains_paid_content":false,"footnotes":""},"categories":[109,47],"tags":[],"class_list":["post-85164","post","type-post","status-publish","format-standard","has-post-thumbnail","hentry","category-minuto-a-minuto","category-zona-gris"],"jetpack_featured_media_url":"https:\/\/zonaroja.com.mx\/wp-content\/uploads\/2024\/02\/Policias-asesinados-ejecutados.jpg","jetpack_sharing_enabled":true,"_links":{"self":[{"href":"https:\/\/zonaroja.com.mx\/index.php?rest_route=\/wp\/v2\/posts\/85164","targetHints":{"allow":["GET"]}}],"collection":[{"href":"https:\/\/zonaroja.com.mx\/index.php?rest_route=\/wp\/v2\/posts"}],"about":[{"href":"https:\/\/zonaroja.com.mx\/index.php?rest_route=\/wp\/v2\/types\/post"}],"author":[{"embeddable":true,"href":"https:\/\/zonaroja.com.mx\/index.php?rest_route=\/wp\/v2\/users\/2"}],"replies":[{"embeddable":true,"href":"https:\/\/zonaroja.com.mx\/index.php?rest_route=%2Fwp%2Fv2%2Fcomments&post=85164"}],"version-history":[{"count":1,"href":"https:\/\/zonaroja.com.mx\/index.php?rest_route=\/wp\/v2\/posts\/85164\/revisions"}],"predecessor-version":[{"id":85165,"href":"https:\/\/zonaroja.com.mx\/index.php?rest_route=\/wp\/v2\/posts\/85164\/revisions\/85165"}],"wp:featuredmedia":[{"embeddable":true,"href":"https:\/\/zonaroja.com.mx\/index.php?rest_route=\/wp\/v2\/media\/64903"}],"wp:attachment":[{"href":"https:\/\/zonaroja.com.mx\/index.php?rest_route=%2Fwp%2Fv2%2Fmedia&parent=85164"}],"wp:term":[{"taxonomy":"category","embeddable":true,"href":"https:\/\/zonaroja.com.mx\/index.php?rest_route=%2Fwp%2Fv2%2Fcategories&post=85164"},{"taxonomy":"post_tag","embeddable":true,"href":"https:\/\/zonaroja.com.mx\/index.php?rest_route=%2Fwp%2Fv2%2Ftags&post=85164"}],"curies":[{"name":"wp","href":"https:\/\/api.w.org\/{rel}","templated":true}]}}