{"id":85171,"date":"2025-09-28T18:34:32","date_gmt":"2025-09-29T00:34:32","guid":{"rendered":"https:\/\/zonaroja.com.mx\/?p=85171"},"modified":"2025-09-28T18:34:35","modified_gmt":"2025-09-29T00:34:35","slug":"presidenta-de-xoxocotlan-inaugura-obras-en-cinco-colonias","status":"publish","type":"post","link":"https:\/\/zonaroja.com.mx\/?p=85171","title":{"rendered":"Presidenta de Xoxocotl\u00e1n inaugura obras en cinco colonias"},"content":{"rendered":"\n<p>Redacci\u00f3n\/Zona Roja.<\/p>\n\n\n\n<p>Oaxaca, Oax., a 28 de septiembre de 2025.- Con el firme compromiso de transformar las colonias y mejorar la vida cotidiana de las familias, la presidenta municipal, Nancy Ben\u00edtez Z\u00e1rate, inaugur\u00f3 obras de pavimentaci\u00f3n con concreto hidr\u00e1ulico y la ampliaci\u00f3n de la red de drenaje sanitario en 5 colonias del municipio.<\/p>\n\n\n\n<p>Entre muestras de agradecimiento, habitantes de las colonias La Florida y 20 de Noviembre, destacaron que con la ampliaci\u00f3n de la red de drenaje se marca el inicio de una nueva etapa de desarrollo comunitario.<\/p>\n\n\n\n<p>Mientras que, en las colonias Monte Bello, 3 de Octubre y Ampliaci\u00f3n Independencia, las familias ahora cuentan con pavimento firme, que les ofrece mayor seguridad, movilidad y bienestar para la poblaci\u00f3n.<\/p>\n\n\n\n<p>Durante su recorrido, Ben\u00edtez Z\u00e1rate acompa\u00f1ada de integrantes de su Cabildo, subray\u00f3 que cada obra es fruto de la gesti\u00f3n municipal y del trabajo coordinado con la ciudadan\u00eda:<\/p>\n\n\n\n<p>\u201cEstas calles no solo son pavimento, son la oportunidad de vivir mejor, de caminar con seguridad y de ver crecer a nuestras colonias con infraestructura digna. Ese es el compromiso que asumimos y que hoy se hace realidad\u201d.<\/p>\n\n\n\n<p>Las acciones, financiadas con recursos del Fondo de Aportaciones para la Infraestructura Social Municipal (Faismun), representan un paso firme hacia un Xoxocotl\u00e1n con mayor infraestructura social, reflejando la voluntad de un gobierno cercano que responde a las necesidades m\u00e1s sentidas de su gente.<\/p>\n","protected":false},"excerpt":{"rendered":"<p>Redacci\u00f3n\/Zona Roja. Oaxaca, Oax., a 28 de septiembre de 2025.- Con el firme compromiso de&hellip;<\/p>\n","protected":false},"author":2,"featured_media":85172,"comment_status":"closed","ping_status":"open","sticky":false,"template":"","format":"standard","meta":{"_lmt_disableupdate":"","_lmt_disable":"","_jetpack_memberships_contains_paid_content":false,"footnotes":""},"categories":[109,46],"tags":[133],"class_list":["post-85171","post","type-post","status-publish","format-standard","has-post-thumbnail","hentry","category-minuto-a-minuto","category-zona-blanca","tag-santa-cruz-xoxocotlan"],"jetpack_featured_media_url":"https:\/\/zonaroja.com.mx\/wp-content\/uploads\/2025\/09\/Xoxocotlan-Nancy-Benitez-inauguracion-obras.jpeg","jetpack_sharing_enabled":true,"_links":{"self":[{"href":"https:\/\/zonaroja.com.mx\/index.php?rest_route=\/wp\/v2\/posts\/85171","targetHints":{"allow":["GET"]}}],"collection":[{"href":"https:\/\/zonaroja.com.mx\/index.php?rest_route=\/wp\/v2\/posts"}],"about":[{"href":"https:\/\/zonaroja.com.mx\/index.php?rest_route=\/wp\/v2\/types\/post"}],"author":[{"embeddable":true,"href":"https:\/\/zonaroja.com.mx\/index.php?rest_route=\/wp\/v2\/users\/2"}],"replies":[{"embeddable":true,"href":"https:\/\/zonaroja.com.mx\/index.php?rest_route=%2Fwp%2Fv2%2Fcomments&post=85171"}],"version-history":[{"count":1,"href":"https:\/\/zonaroja.com.mx\/index.php?rest_route=\/wp\/v2\/posts\/85171\/revisions"}],"predecessor-version":[{"id":85173,"href":"https:\/\/zonaroja.com.mx\/index.php?rest_route=\/wp\/v2\/posts\/85171\/revisions\/85173"}],"wp:featuredmedia":[{"embeddable":true,"href":"https:\/\/zonaroja.com.mx\/index.php?rest_route=\/wp\/v2\/media\/85172"}],"wp:attachment":[{"href":"https:\/\/zonaroja.com.mx\/index.php?rest_route=%2Fwp%2Fv2%2Fmedia&parent=85171"}],"wp:term":[{"taxonomy":"category","embeddable":true,"href":"https:\/\/zonaroja.com.mx\/index.php?rest_route=%2Fwp%2Fv2%2Fcategories&post=85171"},{"taxonomy":"post_tag","embeddable":true,"href":"https:\/\/zonaroja.com.mx\/index.php?rest_route=%2Fwp%2Fv2%2Ftags&post=85171"}],"curies":[{"name":"wp","href":"https:\/\/api.w.org\/{rel}","templated":true}]}}