{"id":85174,"date":"2025-09-28T19:47:23","date_gmt":"2025-09-29T01:47:23","guid":{"rendered":"https:\/\/zonaroja.com.mx\/?p=85174"},"modified":"2025-09-28T19:47:25","modified_gmt":"2025-09-29T01:47:25","slug":"rector-priista-de-oaxaca-quiere-ser-morenista-y-viola-autonomia-universitaria","status":"publish","type":"post","link":"https:\/\/zonaroja.com.mx\/?p=85174","title":{"rendered":"Rector priista de Oaxaca quiere ser morenista\u2026 y viola autonom\u00eda universitaria"},"content":{"rendered":"\n<p>Redacci\u00f3n\/Estado 20.<\/p>\n\n\n\n<p>Oaxaca, Oax., a 28 de septiembre de 2025.- Catedr\u00e1ticos de la Universidad Aut\u00f3noma \u201cBenito Ju\u00e1rez\u201d de Oaxaca (UABJO) acusaron al rector Cristian \u00c9der Carre\u00f1o L\u00f3pez de violar la autonom\u00eda universitaria al organizar y permitir para la realizaci\u00f3n de actos pol\u00edticos del partido Morena al interior de Ciudad Universitaria.<\/p>\n\n\n\n<p>Ayer se realiz\u00f3 el \u201cS\u00e1bado Guinda\u201d, una actividad organizada por el Comit\u00e9 Ejecutivo Estatal de Morena en Oaxaca en la velaria de la UABJO, actividad pol\u00edtica en la que estuvo presente Rafael Barajas \u201cEl Fisg\u00f3n\u201d, caricaturista y actual director del el Instituto Nacional de Formaci\u00f3n Pol\u00edtica de este partido pol\u00edtico (INFP).<\/p>\n\n\n\n<p>El catedr\u00e1tico de la Facultad de Derecho, Jonathan Hern\u00e1ndez, a trav\u00e9s de sus redes sociales, acus\u00f3 al rector Cristina Carre\u00f1o de someter a la Universidad al control del partido pol\u00edtico Morena, \u201catentando contra la autonom\u00eda universitaria\u201d.<\/p>\n\n\n\n<p>\u201cCon esto queda claro que hemos abandonado la formaci\u00f3n de mentes cr\u00edticas para impulsar el clientelismo pol\u00edtico\u00bb, se\u00f1al\u00f3\u201d<\/p>\n\n\n\n<p>Tambi\u00e9n record\u00f3 que el art\u00edculo tercer de la Constituci\u00f3n y la Ley Org\u00e1nica de la UABJO, garantiza que la universidad se gobierne a s\u00ed misma con independencia de ideolog\u00edas y partidos pol\u00edticos, privilegiando la libertad de c\u00e1tedra, investigaci\u00f3n y pensamiento cr\u00edtico.<\/p>\n\n\n\n<p>\u201cEn m\u00e1s de 80 a\u00f1os, ni siquiera el PRI, que fue el partido hegem\u00f3nico durante gran parte del siglo XX, logr\u00f3 someter a la UABJO. La universidad siempre fue un espacio cr\u00edtico, una voz disidente, un faro de libertad intelectual. Hoy, tristemente, vemos a un rector agach\u00f3n, carente de valor moral y \u00e9tico, que permite que la universidad sea gobernada desde oficinas partidistas\u201d.<\/p>\n\n\n\n<p>Y sostuvo que la subordinaci\u00f3n del rector a intereses pol\u00edticos viola los principios de autonom\u00eda consagrados en el marco legal y representa una amenaza a la esencia de la universidad como \u201calma universal de pensamiento\u201d, cuyo deber es formar profesionales con pensamiento libre y plural.<\/p>\n\n\n\n<p>\u201cCuando los partidos pol\u00edticos imponen sus agendas en la universidad, se vulnera su esp\u00edritu cr\u00edtico y se corrompe la misi\u00f3n social que le dio origen. La UABJO no puede convertirse en un ap\u00e9ndice electoral\u201d, dijo.<\/p>\n\n\n\n<p>La diputada local de Movimiento Ciudadano, Alejandra Garc\u00eda Morl\u00e1n, tambi\u00e9n conden\u00f3 la violaci\u00f3n de la autonom\u00eda universitaria con la realizaci\u00f3n de eventos partidistas de Morena al interior de Ciudad Universitaria.<\/p>\n\n\n\n<p>\u201cSe\u00f1or Rector Cristian Carre\u00f1o de la UABJO, usted tiene una responsabilidad \u00e9tica de velar por la autonom\u00eda de la Universidad. Si quiere ser entreguista h\u00e1galo y renuncie pero no se lleve entre las patas a los estudiantes. No traicione la lucha que se gan\u00f3 en 1929 por sus intereses personales\u201d, escribi\u00f3 la legisladora local en su cuenta de X.<\/p>\n\n\n\n<p>No es la primera vez que el Rector de la UABJO abre las puertas de Ciudad Universitaria para el partido Morena; anteriormente, prest\u00f3 los espacios para que pol\u00edticos y diputados de este partido pol\u00edtico hicieran promoci\u00f3n a favor de la reforma al Poder Judicial de la Federaci\u00f3n.<\/p>\n\n\n\n<figure class=\"wp-block-image size-full\"><img decoding=\"async\" width=\"468\" height=\"600\" src=\"https:\/\/zonaroja.com.mx\/wp-content\/uploads\/2025\/09\/Morena-UABJO-.jpg\" alt=\"\" class=\"wp-image-85176\" srcset=\"https:\/\/zonaroja.com.mx\/wp-content\/uploads\/2025\/09\/Morena-UABJO-.jpg 468w, https:\/\/zonaroja.com.mx\/wp-content\/uploads\/2025\/09\/Morena-UABJO--234x300.jpg 234w\" sizes=\"(max-width: 468px) 100vw, 468px\" \/><\/figure>\n","protected":false},"excerpt":{"rendered":"<p>Redacci\u00f3n\/Estado 20. Oaxaca, Oax., a 28 de septiembre de 2025.- Catedr\u00e1ticos de la Universidad Aut\u00f3noma&hellip;<\/p>\n","protected":false},"author":2,"featured_media":85175,"comment_status":"closed","ping_status":"open","sticky":false,"template":"","format":"standard","meta":{"_lmt_disableupdate":"","_lmt_disable":"","_jetpack_memberships_contains_paid_content":false,"footnotes":""},"categories":[109,47],"tags":[3169],"class_list":["post-85174","post","type-post","status-publish","format-standard","has-post-thumbnail","hentry","category-minuto-a-minuto","category-zona-gris","tag-cristian-eder-carreno-lopez"],"jetpack_featured_media_url":"https:\/\/zonaroja.com.mx\/wp-content\/uploads\/2025\/09\/Rector-Cristian-Eder-Carreno.jpg","jetpack_sharing_enabled":true,"_links":{"self":[{"href":"https:\/\/zonaroja.com.mx\/index.php?rest_route=\/wp\/v2\/posts\/85174","targetHints":{"allow":["GET"]}}],"collection":[{"href":"https:\/\/zonaroja.com.mx\/index.php?rest_route=\/wp\/v2\/posts"}],"about":[{"href":"https:\/\/zonaroja.com.mx\/index.php?rest_route=\/wp\/v2\/types\/post"}],"author":[{"embeddable":true,"href":"https:\/\/zonaroja.com.mx\/index.php?rest_route=\/wp\/v2\/users\/2"}],"replies":[{"embeddable":true,"href":"https:\/\/zonaroja.com.mx\/index.php?rest_route=%2Fwp%2Fv2%2Fcomments&post=85174"}],"version-history":[{"count":1,"href":"https:\/\/zonaroja.com.mx\/index.php?rest_route=\/wp\/v2\/posts\/85174\/revisions"}],"predecessor-version":[{"id":85177,"href":"https:\/\/zonaroja.com.mx\/index.php?rest_route=\/wp\/v2\/posts\/85174\/revisions\/85177"}],"wp:featuredmedia":[{"embeddable":true,"href":"https:\/\/zonaroja.com.mx\/index.php?rest_route=\/wp\/v2\/media\/85175"}],"wp:attachment":[{"href":"https:\/\/zonaroja.com.mx\/index.php?rest_route=%2Fwp%2Fv2%2Fmedia&parent=85174"}],"wp:term":[{"taxonomy":"category","embeddable":true,"href":"https:\/\/zonaroja.com.mx\/index.php?rest_route=%2Fwp%2Fv2%2Fcategories&post=85174"},{"taxonomy":"post_tag","embeddable":true,"href":"https:\/\/zonaroja.com.mx\/index.php?rest_route=%2Fwp%2Fv2%2Ftags&post=85174"}],"curies":[{"name":"wp","href":"https:\/\/api.w.org\/{rel}","templated":true}]}}