{"id":85181,"date":"2025-09-29T07:18:21","date_gmt":"2025-09-29T13:18:21","guid":{"rendered":"https:\/\/zonaroja.com.mx\/?p=85181"},"modified":"2025-09-29T08:25:46","modified_gmt":"2025-09-29T14:25:46","slug":"ejecutan-a-balazos-a-tres-personas-en-menos-de-12-horas-en-tehuantepec","status":"publish","type":"post","link":"https:\/\/zonaroja.com.mx\/?p=85181","title":{"rendered":"Ejecutan a balazos a tres personas en menos de 12 horas en Tehuantepec"},"content":{"rendered":"\n<p>Raymundo Morales\/Zona Roja.<\/p>\n\n\n\n<p>Oaxaca, Oax., a 29 de septiembre de 2025.- A punto de cerrar el mes de septiembre, tres personas del sexo masculino fueron ejecutadas a balazos en las \u00faltimas 12 horas en Santo Domingo Tehuantepec.<\/p>\n\n\n\n<p>El m\u00e1s reciente hecho ocurri\u00f3 alrededor de las 05:00 horas de este lunes en la calle Plutarco Gallegos del barrio de Santa Mar\u00eda Reoloteca, cerca del centro de ese municipio perteneciente a la regi\u00f3n del Istmo.<\/p>\n\n\n\n<p>Un motociclista fue acribillado a balazos y su cuerpo qued\u00f3 tendido en la vialidad, en medio de la llovizna; personal de la polic\u00eda local resguarda la zona para que se realicen las labores periciales correspondientes.<\/p>\n\n\n\n<p>Mientras que anoche dos cuerpos fueron localizados en un camino de terracer\u00eda que comunica la carretera Trans\u00edstmica con la colonia Flor de Azalea, en el barrio de Santa Cruz Tagolaba.<\/p>\n\n\n\n<p>Las v\u00edctimas presentaban varios impactos de arma de fuego en el cuerpo y hasta el momento las v\u00edctimas no han sido identificadas; personal de la Vicefiscal\u00eda Regional del Istmo, de la Fiscal\u00eda General del Estado, contin\u00faan las indagatorias.<\/p>\n\n\n\n<p>En ambos casos hasta el momento no se han reportado personas detenidas pues los elementos policiacos o se hallaban en las cercan\u00edas de los sitios de los cr\u00edmenes.<\/p>\n","protected":false},"excerpt":{"rendered":"<p>Raymundo Morales\/Zona Roja. Oaxaca, Oax., a 29 de septiembre de 2025.- A punto de cerrar&hellip;<\/p>\n","protected":false},"author":2,"featured_media":68708,"comment_status":"closed","ping_status":"open","sticky":false,"template":"","format":"standard","meta":{"_lmt_disableupdate":"","_lmt_disable":"","_jetpack_memberships_contains_paid_content":false,"footnotes":""},"categories":[109,51],"tags":[533],"class_list":["post-85181","post","type-post","status-publish","format-standard","has-post-thumbnail","hentry","category-minuto-a-minuto","category-zona-roja","tag-asesinado-en-tehuantepec"],"jetpack_featured_media_url":"https:\/\/zonaroja.com.mx\/wp-content\/uploads\/2024\/05\/Escena-asesinato-crimen-.jpeg","jetpack_sharing_enabled":true,"_links":{"self":[{"href":"https:\/\/zonaroja.com.mx\/index.php?rest_route=\/wp\/v2\/posts\/85181","targetHints":{"allow":["GET"]}}],"collection":[{"href":"https:\/\/zonaroja.com.mx\/index.php?rest_route=\/wp\/v2\/posts"}],"about":[{"href":"https:\/\/zonaroja.com.mx\/index.php?rest_route=\/wp\/v2\/types\/post"}],"author":[{"embeddable":true,"href":"https:\/\/zonaroja.com.mx\/index.php?rest_route=\/wp\/v2\/users\/2"}],"replies":[{"embeddable":true,"href":"https:\/\/zonaroja.com.mx\/index.php?rest_route=%2Fwp%2Fv2%2Fcomments&post=85181"}],"version-history":[{"count":1,"href":"https:\/\/zonaroja.com.mx\/index.php?rest_route=\/wp\/v2\/posts\/85181\/revisions"}],"predecessor-version":[{"id":85182,"href":"https:\/\/zonaroja.com.mx\/index.php?rest_route=\/wp\/v2\/posts\/85181\/revisions\/85182"}],"wp:featuredmedia":[{"embeddable":true,"href":"https:\/\/zonaroja.com.mx\/index.php?rest_route=\/wp\/v2\/media\/68708"}],"wp:attachment":[{"href":"https:\/\/zonaroja.com.mx\/index.php?rest_route=%2Fwp%2Fv2%2Fmedia&parent=85181"}],"wp:term":[{"taxonomy":"category","embeddable":true,"href":"https:\/\/zonaroja.com.mx\/index.php?rest_route=%2Fwp%2Fv2%2Fcategories&post=85181"},{"taxonomy":"post_tag","embeddable":true,"href":"https:\/\/zonaroja.com.mx\/index.php?rest_route=%2Fwp%2Fv2%2Ftags&post=85181"}],"curies":[{"name":"wp","href":"https:\/\/api.w.org\/{rel}","templated":true}]}}