{"id":85193,"date":"2025-09-29T12:15:00","date_gmt":"2025-09-29T18:15:00","guid":{"rendered":"https:\/\/zonaroja.com.mx\/?p=85193"},"modified":"2025-09-29T08:50:01","modified_gmt":"2025-09-29T14:50:01","slug":"sheinbaum-cumple-su-primer-ano-con-73-de-aprobacion","status":"publish","type":"post","link":"https:\/\/zonaroja.com.mx\/?p=85193","title":{"rendered":"Sheinbaum cumple su primer a\u00f1o con 73% de aprobaci\u00f3n"},"content":{"rendered":"\n<p>Redacci\u00f3n\/Zona Roja.<\/p>\n\n\n\n<p>Oaxaca, Oax., a 29 de septiembre de 2025.- La presidenta Claudia Sheinbaum cumple un a\u00f1o en su cargo con un respaldo ciudadano de 73 por ciento, de acuerdo con la m\u00e1s reciente encuesta nacional de \u201cEl Financiero\u201d.<\/p>\n\n\n\n<p>El sondeo, realizado en septiembre, arroja que 27 por ciento de personas desaprueba la gesti\u00f3n de la mandataria.<\/p>\n\n\n\n<p>Comparando con AMLO en 2019, Sheinbaum obtiene cinco puntos m\u00e1s de aprobaci\u00f3n que su antecesor al cumplir un a\u00f1o al frente del gobierno. Se mantiene con un respaldo m\u00e1s alto, aunque la brecha se viene cerrando en los \u00faltimos meses.<\/p>\n\n\n\n<p>Uno de los aspectos evaluados en el sondeo de septiembre fue la ceremonia del Grito de Independencia, por la cual la presidenta Sheinbaum capt\u00f3 70% de opiniones favorables y 27% de desfavorables. Su imagen de liderazgo subi\u00f3 seis puntos, a 66% de opini\u00f3n favorable, en parte por su desempe\u00f1o en la ceremonia patria.<\/p>\n\n\n\n<p>Al concluir el primer a\u00f1o de gobierno, la encuesta pregunt\u00f3 a las personas entrevistadas su punto de vista respecto de si varios aspectos mejoraron o empeoraron.<\/p>\n\n\n\n<p>En los rubros que se percibe mayor mejora es en educaci\u00f3n y en pobreza, con 48% de opiniones positivas en cada tema, y 31 y 25% de opiniones negativas.<\/p>\n\n\n\n<p>En materia de salud p\u00fablica, 44% ve mejor\u00eda y 36%, empeoramiento: una opini\u00f3n m\u00e1s dividida.<\/p>\n\n\n\n<p>En el tema del combate al huachicol, 39% opin\u00f3 favorablemente y 26% dio una opini\u00f3n negativa, con un 32% que no ve cambios.<\/p>\n\n\n\n<p>Respecto de Pemex, 36% ve mejoras; 29%, empeoramiento, y 32% no ve cambios.<\/p>\n\n\n\n<p>Lea m\u00e1s en este enlace de \u201cEl Financiero\u201d:<\/p>\n\n\n\n<figure class=\"wp-block-embed\"><div class=\"wp-block-embed__wrapper\">\nhttps:\/\/www.elfinanciero.com.mx\/nacional\/2025\/09\/29\/sheinbaum-cumple-su-primer-ano-con-73-de-aprobacion\n<\/div><\/figure>\n","protected":false},"excerpt":{"rendered":"<p>Redacci\u00f3n\/Zona Roja. Oaxaca, Oax., a 29 de septiembre de 2025.- La presidenta Claudia Sheinbaum cumple&hellip;<\/p>\n","protected":false},"author":2,"featured_media":69152,"comment_status":"closed","ping_status":"open","sticky":false,"template":"","format":"standard","meta":{"_lmt_disableupdate":"","_lmt_disable":"","_jetpack_memberships_contains_paid_content":false,"footnotes":""},"categories":[109,46],"tags":[3370],"class_list":["post-85193","post","type-post","status-publish","format-standard","has-post-thumbnail","hentry","category-minuto-a-minuto","category-zona-blanca","tag-claudia-sheinbaum"],"jetpack_featured_media_url":"https:\/\/zonaroja.com.mx\/wp-content\/uploads\/2024\/06\/Claudia-Sheinbaum.jpeg","jetpack_sharing_enabled":true,"_links":{"self":[{"href":"https:\/\/zonaroja.com.mx\/index.php?rest_route=\/wp\/v2\/posts\/85193","targetHints":{"allow":["GET"]}}],"collection":[{"href":"https:\/\/zonaroja.com.mx\/index.php?rest_route=\/wp\/v2\/posts"}],"about":[{"href":"https:\/\/zonaroja.com.mx\/index.php?rest_route=\/wp\/v2\/types\/post"}],"author":[{"embeddable":true,"href":"https:\/\/zonaroja.com.mx\/index.php?rest_route=\/wp\/v2\/users\/2"}],"replies":[{"embeddable":true,"href":"https:\/\/zonaroja.com.mx\/index.php?rest_route=%2Fwp%2Fv2%2Fcomments&post=85193"}],"version-history":[{"count":1,"href":"https:\/\/zonaroja.com.mx\/index.php?rest_route=\/wp\/v2\/posts\/85193\/revisions"}],"predecessor-version":[{"id":85194,"href":"https:\/\/zonaroja.com.mx\/index.php?rest_route=\/wp\/v2\/posts\/85193\/revisions\/85194"}],"wp:featuredmedia":[{"embeddable":true,"href":"https:\/\/zonaroja.com.mx\/index.php?rest_route=\/wp\/v2\/media\/69152"}],"wp:attachment":[{"href":"https:\/\/zonaroja.com.mx\/index.php?rest_route=%2Fwp%2Fv2%2Fmedia&parent=85193"}],"wp:term":[{"taxonomy":"category","embeddable":true,"href":"https:\/\/zonaroja.com.mx\/index.php?rest_route=%2Fwp%2Fv2%2Fcategories&post=85193"},{"taxonomy":"post_tag","embeddable":true,"href":"https:\/\/zonaroja.com.mx\/index.php?rest_route=%2Fwp%2Fv2%2Ftags&post=85193"}],"curies":[{"name":"wp","href":"https:\/\/api.w.org\/{rel}","templated":true}]}}