{"id":85199,"date":"2025-09-29T14:58:45","date_gmt":"2025-09-29T20:58:45","guid":{"rendered":"https:\/\/zonaroja.com.mx\/?p=85199"},"modified":"2025-09-29T14:58:48","modified_gmt":"2025-09-29T20:58:48","slug":"desaparece-adolescente-en-oaxaca-capital-la-localizan-baleada-en-zaachila","status":"publish","type":"post","link":"https:\/\/zonaroja.com.mx\/?p=85199","title":{"rendered":"Desaparece adolescente en Oaxaca capital; la localizan baleada en Zaachila"},"content":{"rendered":"\n<p>Ismael Garc\u00eda M.\/Zona Roja.<\/p>\n\n\n\n<p>Oaxaca, Oax., a 29 de septiembre de 2025.- Una adolescente de 16 a\u00f1os de edad que fue reportada como desaparecida ayer en la ciudad de Oaxaca, fue localizada lesionada hoy con impactos de arma de fuego.<\/p>\n\n\n\n<p>De acuerdo con la ficha de la Unidad de B\u00fasqueda de Personas Desaparecidas y No localizadas, Arceli Griselda A. M. fue vista por \u00faltima vez en jurisdicci\u00f3n de la agencia de San Mart\u00edn Mexic\u00e1pam.<\/p>\n\n\n\n<p>Y esta ma\u00f1ana en inmediaciones del paraje \u201cLa Lobera\u201d de la carretera que comunica a la Villa de Zaachila con el municipio de Santa In\u00e9s del Monte, fue localizada la ni\u00f1a herida por disparos de arma de fuego y trasladada a un hospital.<\/p>\n\n\n\n<p>Hasta el momento se desconocen las causas tanto de la desaparici\u00f3n como de la agresi\u00f3n armada y la Fiscal\u00eda General del Estado de Oaxaca confirm\u00f3 que investiga el caso.<\/p>\n\n\n\n<p>Confirm\u00f3 el hallazgo e inform\u00f3 que despleg\u00f3 un equipo multidisciplinario para realizar los trabajos ministeriales y periciales en el lugar de los hechos, mientras que la v\u00edctima fue auxiliada y posteriormente trasladada a un hospital para recibir atenci\u00f3n m\u00e9dica.<\/p>\n\n\n\n<p>En tanto que, las investigaciones iniciales con perspectiva de g\u00e9nero y las primeras labores en ciencia forense buscan establecer la forma en que sucedieron los hechos.<\/p>\n\n\n\n<p>\u201cLa Fiscal\u00eda General del Estado de Oaxaca est\u00e1 comprometida con realizar investigaciones especializadas y con perspectiva de g\u00e9nero en los casos de delitos cometidos contra mujeres, por lo que sigue con las labores ministeriales correspondientes en torno a este caso\u201d, sostuvo en un comunicado.<\/p>\n","protected":false},"excerpt":{"rendered":"<p>Ismael Garc\u00eda M.\/Zona Roja. Oaxaca, Oax., a 29 de septiembre de 2025.- Una adolescente de&hellip;<\/p>\n","protected":false},"author":2,"featured_media":85200,"comment_status":"closed","ping_status":"open","sticky":false,"template":"","format":"standard","meta":{"_lmt_disableupdate":"","_lmt_disable":"","_jetpack_memberships_contains_paid_content":false,"footnotes":""},"categories":[109,47],"tags":[155],"class_list":["post-85199","post","type-post","status-publish","format-standard","has-post-thumbnail","hentry","category-minuto-a-minuto","category-zona-gris","tag-villa-de-zaachila"],"jetpack_featured_media_url":"https:\/\/zonaroja.com.mx\/wp-content\/uploads\/2025\/09\/Adolescente-baleada-Zaachila-Oaxaca.jpeg","jetpack_sharing_enabled":true,"_links":{"self":[{"href":"https:\/\/zonaroja.com.mx\/index.php?rest_route=\/wp\/v2\/posts\/85199","targetHints":{"allow":["GET"]}}],"collection":[{"href":"https:\/\/zonaroja.com.mx\/index.php?rest_route=\/wp\/v2\/posts"}],"about":[{"href":"https:\/\/zonaroja.com.mx\/index.php?rest_route=\/wp\/v2\/types\/post"}],"author":[{"embeddable":true,"href":"https:\/\/zonaroja.com.mx\/index.php?rest_route=\/wp\/v2\/users\/2"}],"replies":[{"embeddable":true,"href":"https:\/\/zonaroja.com.mx\/index.php?rest_route=%2Fwp%2Fv2%2Fcomments&post=85199"}],"version-history":[{"count":1,"href":"https:\/\/zonaroja.com.mx\/index.php?rest_route=\/wp\/v2\/posts\/85199\/revisions"}],"predecessor-version":[{"id":85201,"href":"https:\/\/zonaroja.com.mx\/index.php?rest_route=\/wp\/v2\/posts\/85199\/revisions\/85201"}],"wp:featuredmedia":[{"embeddable":true,"href":"https:\/\/zonaroja.com.mx\/index.php?rest_route=\/wp\/v2\/media\/85200"}],"wp:attachment":[{"href":"https:\/\/zonaroja.com.mx\/index.php?rest_route=%2Fwp%2Fv2%2Fmedia&parent=85199"}],"wp:term":[{"taxonomy":"category","embeddable":true,"href":"https:\/\/zonaroja.com.mx\/index.php?rest_route=%2Fwp%2Fv2%2Fcategories&post=85199"},{"taxonomy":"post_tag","embeddable":true,"href":"https:\/\/zonaroja.com.mx\/index.php?rest_route=%2Fwp%2Fv2%2Ftags&post=85199"}],"curies":[{"name":"wp","href":"https:\/\/api.w.org\/{rel}","templated":true}]}}