{"id":85202,"date":"2025-09-29T15:50:00","date_gmt":"2025-09-29T21:50:00","guid":{"rendered":"https:\/\/zonaroja.com.mx\/?p=85202"},"modified":"2025-09-29T15:16:36","modified_gmt":"2025-09-29T21:16:36","slug":"emplaza-el-magisterio-al-gobierno-a-retomar-dialogo-advierte-protestas","status":"publish","type":"post","link":"https:\/\/zonaroja.com.mx\/?p=85202","title":{"rendered":"Emplaza el magisterio al gobierno a retomar di\u00e1logo; advierte protestas"},"content":{"rendered":"\n<p>Lisbeth Mej\u00eda Reyes\/Zona Roja.<\/p>\n\n\n\n<p>Oaxaca, Oax., a 29 de septiembre de 2025.- La Secci\u00f3n 22 del Sindicato Nacional de Trabajadores de la Educaci\u00f3n y de la Coordinadora Nacional de la Educaci\u00f3n (SNTE-CNTE) emplaz\u00f3 a los gobiernos estatal y federal a cumplir los acuerdos del pasado 18 de julio y a retomar las mesas tripartitas, pues de no hacerlo retomar\u00e1 sus movilizaciones la pr\u00f3xima semana.<\/p>\n\n\n\n<p>La gremial oaxaque\u00f1a tambi\u00e9n exigi\u00f3 la reinstalaci\u00f3n de la mesa entre la Comisi\u00f3n Nacional \u00danica de Negociaci\u00f3n de la CNTE y la Presidenta Claudia Sheinbaum Pardo sobre la demanda central de la coordinadora: la abrogaci\u00f3n de la Ley del ISSSTE del 2007 y de la reforma educativa Pe\u00f1a-AMLO.<\/p>\n\n\n\n<p>Yenny Araceli P\u00e9rez Mart\u00ednez, secretaria General, record\u00f3 que el pasado 18 de julio, en el Centro Cultural y de Convenciones de Oaxaca, tuvieron la \u00faltima mesa tripartita con la Secretar\u00eda de Educaci\u00f3n P\u00fablica, el director general del ISSSTE, el gobernador del estado y funcionarios del IEEPO, en donde se generaron acuerdos y varios de los cuales siguen sin cumplirse. Esto a pesar de las firmas de las y los funcionarios.<\/p>\n\n\n\n<p>\u00abEstamos hablando de procesos administrativos, de entrega de mobiliario, de entrega de recursos para los uniformes escolares, entre otros temas\u00bb, explic\u00f3 en conferencia de prensa en la ciudad de Oaxaca.<\/p>\n\n\n\n<p>Frente a esta situaci\u00f3n, la representante advirti\u00f3 que la \u00fanica v\u00eda para que se concreten los compromisos \u00abtiene que ser mediante la lucha en las calles\u00bb, por lo que ya alistan las protestas de la pr\u00f3xima semana. Adem\u00e1s de tener un plan de acci\u00f3n de corto, mediano y largo plazo.<\/p>\n\n\n\n<p>Aunque la movilizaci\u00f3n se est\u00e1 programando para la siguiente semana, este lunes comenz\u00f3 con la manifestaci\u00f3n del sector de supervisores y jefes de zona, quienes se plantaron en el z\u00f3calo capitalino y bloquearon los alrededores del parque El Llano para exigir los ascensos pendientes desde 2015.<\/p>\n\n\n\n<p>El emplazamiento de la Secci\u00f3n 22 fue informado luego de su asamblea estatal de este fin de semana, en cuya clausura ya hab\u00eda advertido con retomar sus movilizaciones.<\/p>\n\n\n\n<figure class=\"wp-block-embed is-type-rich is-provider-twitter wp-block-embed-twitter\"><div class=\"wp-block-embed__wrapper\">\n<div class=\"twitter-tweet\"><blockquote class=\"twitter-tweet\" data-lang=\"es\"><p lang=\"es\" dir=\"ltr\">En conferencia de prensa en la capital, el comit\u00e9 ejecutivo de la Secci\u00f3n 22 del Sindicato Nacional de Trabajadores de la Educaci\u00f3n, confirm\u00f3 hoy que reanudar\u00e1 sus movilizaciones esta misma semana por diversas demandas incumplidas por parte de las autoridades estatales y\u2026 <a href=\"https:\/\/t.co\/LHdH89v3XL\">pic.twitter.com\/LHdH89v3XL<\/a><\/p>&mdash; Zona Roja Oaxaca (@ZonaRoja_Oaxaca) <a href=\"https:\/\/twitter.com\/ZonaRoja_Oaxaca\/status\/1972713865130701084?ref_src=twsrc%5Etfw\">29 de septiembre de 2025<\/a><\/blockquote><\/div>\n<\/div><\/figure>\n","protected":false},"excerpt":{"rendered":"<p>Lisbeth Mej\u00eda Reyes\/Zona Roja. Oaxaca, Oax., a 29 de septiembre de 2025.- La Secci\u00f3n 22&hellip;<\/p>\n","protected":false},"author":2,"featured_media":85205,"comment_status":"closed","ping_status":"open","sticky":false,"template":"","format":"standard","meta":{"_lmt_disableupdate":"","_lmt_disable":"","_jetpack_memberships_contains_paid_content":false,"footnotes":""},"categories":[109,47],"tags":[312],"class_list":["post-85202","post","type-post","status-publish","format-standard","has-post-thumbnail","hentry","category-minuto-a-minuto","category-zona-gris","tag-seccion-22-del-snte"],"jetpack_featured_media_url":"https:\/\/zonaroja.com.mx\/wp-content\/uploads\/2025\/09\/Conferencia-de-prensa-Seccion-22-del-SNTE.jpeg","jetpack_sharing_enabled":true,"_links":{"self":[{"href":"https:\/\/zonaroja.com.mx\/index.php?rest_route=\/wp\/v2\/posts\/85202","targetHints":{"allow":["GET"]}}],"collection":[{"href":"https:\/\/zonaroja.com.mx\/index.php?rest_route=\/wp\/v2\/posts"}],"about":[{"href":"https:\/\/zonaroja.com.mx\/index.php?rest_route=\/wp\/v2\/types\/post"}],"author":[{"embeddable":true,"href":"https:\/\/zonaroja.com.mx\/index.php?rest_route=\/wp\/v2\/users\/2"}],"replies":[{"embeddable":true,"href":"https:\/\/zonaroja.com.mx\/index.php?rest_route=%2Fwp%2Fv2%2Fcomments&post=85202"}],"version-history":[{"count":2,"href":"https:\/\/zonaroja.com.mx\/index.php?rest_route=\/wp\/v2\/posts\/85202\/revisions"}],"predecessor-version":[{"id":85206,"href":"https:\/\/zonaroja.com.mx\/index.php?rest_route=\/wp\/v2\/posts\/85202\/revisions\/85206"}],"wp:featuredmedia":[{"embeddable":true,"href":"https:\/\/zonaroja.com.mx\/index.php?rest_route=\/wp\/v2\/media\/85205"}],"wp:attachment":[{"href":"https:\/\/zonaroja.com.mx\/index.php?rest_route=%2Fwp%2Fv2%2Fmedia&parent=85202"}],"wp:term":[{"taxonomy":"category","embeddable":true,"href":"https:\/\/zonaroja.com.mx\/index.php?rest_route=%2Fwp%2Fv2%2Fcategories&post=85202"},{"taxonomy":"post_tag","embeddable":true,"href":"https:\/\/zonaroja.com.mx\/index.php?rest_route=%2Fwp%2Fv2%2Ftags&post=85202"}],"curies":[{"name":"wp","href":"https:\/\/api.w.org\/{rel}","templated":true}]}}