{"id":85210,"date":"2025-09-29T20:33:13","date_gmt":"2025-09-30T02:33:13","guid":{"rendered":"https:\/\/zonaroja.com.mx\/?p=85210"},"modified":"2025-09-29T20:33:15","modified_gmt":"2025-09-30T02:33:15","slug":"arranca-la-semana-con-media-docena-de-protestas-en-oaxaca","status":"publish","type":"post","link":"https:\/\/zonaroja.com.mx\/?p=85210","title":{"rendered":"Arranca la semana con media docena de protestas en Oaxaca"},"content":{"rendered":"\n<p>Lisbeth Mej\u00eda Reyes\/Zona Roja.<\/p>\n\n\n\n<p>Oaxaca, Oax., a 29 de septiembre de 2025.- Al menos media docena protestas se presentaron este lunes en la ciudad de Oaxaca y otras regiones del estado, lo que gener\u00f3 caos vial y afectaciones a la poblaci\u00f3n.&nbsp;<\/p>\n\n\n\n<p>La primera fue por parte de vecinos de la colonia Aquiles Serd\u00e1n, quienes bloquearon la avenida Ferrocarril, en Santa Luc\u00eda del Camino, para exigir atenci\u00f3n al drenaje sanitario, as\u00ed como el suministro de agua potable.<\/p>\n\n\n\n<p>Por este bloqueo, la circulaci\u00f3n vehicular entre Santa Luc\u00eda del Camino y la capital oaxaque\u00f1a estuvo afectado por unas horas. Fue tras la mesa de di\u00e1logo con el presidente municipal, Juan Carlos Garc\u00eda M\u00e1rquez, cuando la vialidad se liber\u00f3, tras encausar la demanda hacia el organismo SOAPA.<\/p>\n\n\n\n<p>Otros vecinos, pero de la colonia Casa Blanca, de San Mart\u00edn Mexic\u00e1pam, bloquearon durante la ma\u00f1ana la calle Manuel Sabino Crespo, en el centro de la ciudad de Oaxaca, para exigir a los Sistema Operador de Agua Potable y Alcantarillado reparar el drenaje, pues a ra\u00edz de las lluvias han brotado las aguas negras en la zona generando riesgos para la salud. Con cartulinas y consignas, los vecinos tambi\u00e9n demandaron la reparaci\u00f3n de la red de agua potable, ya que han tenido problemas con el suministro en los \u00faltimos meses.<\/p>\n\n\n\n<p>Por otra parte, docentes de la Secci\u00f3n 22, del grupo de supervisores y jefes de zona, instalaron un \u201cplant\u00f3n\u201d en el z\u00f3calo de la ciudad y se manifestaron alrededor del parque \u201cEl Llano\u201d para exigir el cumplimiento de ascensos pendientes desde 2015. En este \u00faltimo punto, bloquearon de manera temporal, lo que afect\u00f3 el paso en la avenida Ju\u00e1rez y en la calle Pino Su\u00e1rez.<\/p>\n\n\n\n<p>La manifestaci\u00f3n de los supervisores antecede a la jornada de movilizaciones que alista la Secci\u00f3n 22 para la pr\u00f3xima semana ante el incumplimiento de los acuerdos del gobierno estatal y federal tomados el pasado mes de julio. Adem\u00e1s, porque acusaron que no se han retomado las mesas tripartitas para dar atenci\u00f3n a sus dem\u00e1s demandas, entre estas la abrogaci\u00f3n de la Ley del ISSSTE del 2007.<\/p>\n\n\n\n<p>Tambi\u00e9n en la capital, un grupo de integrantes del Sindicato de Trabajadores y Empleados de la Universidad Aut\u00f3noma \u201cBenito Ju\u00e1rez\u201d de Oaxaca march\u00f3 por calles del centro, para denunciar irregularidades en el proceso de elecci\u00f3n del comit\u00e9 ejecutivo, cometidas por parte del rector Cristian \u00c9der Carre\u00f1o.<\/p>\n\n\n\n<p>Mientras que en la Costa, la carretera federal 200 fue cerrada por unas horas por parte de un grupo de padres de familia, que exigi\u00f3 al Instituto Estatal de Educaci\u00f3n P\u00fablica la dotaci\u00f3n de mobiliario, equipos y dem\u00e1s apoyos escolares.<\/p>\n\n\n\n<p>En tanto que en la v\u00eda de acceso a la zona arqueol\u00f3gica de Yagul, un grupo de personas del municipio de Tlacolula de Matamoros bloque\u00f3 por unas horas el paso vehicular, para denunciar despojos de predios.<\/p>\n","protected":false},"excerpt":{"rendered":"<p>Lisbeth Mej\u00eda Reyes\/Zona Roja. Oaxaca, Oax., a 29 de septiembre de 2025.- Al menos media&hellip;<\/p>\n","protected":false},"author":2,"featured_media":85211,"comment_status":"closed","ping_status":"open","sticky":false,"template":"","format":"standard","meta":{"_lmt_disableupdate":"","_lmt_disable":"","_jetpack_memberships_contains_paid_content":false,"footnotes":""},"categories":[109,47],"tags":[347],"class_list":["post-85210","post","type-post","status-publish","format-standard","has-post-thumbnail","hentry","category-minuto-a-minuto","category-zona-gris","tag-protestas-sociales-oaxaca"],"jetpack_featured_media_url":"https:\/\/zonaroja.com.mx\/wp-content\/uploads\/2025\/09\/Bbloqueos-y-protestas-ciudad-de-Oaxaca-lunes-29-sept.jpg","jetpack_sharing_enabled":true,"_links":{"self":[{"href":"https:\/\/zonaroja.com.mx\/index.php?rest_route=\/wp\/v2\/posts\/85210","targetHints":{"allow":["GET"]}}],"collection":[{"href":"https:\/\/zonaroja.com.mx\/index.php?rest_route=\/wp\/v2\/posts"}],"about":[{"href":"https:\/\/zonaroja.com.mx\/index.php?rest_route=\/wp\/v2\/types\/post"}],"author":[{"embeddable":true,"href":"https:\/\/zonaroja.com.mx\/index.php?rest_route=\/wp\/v2\/users\/2"}],"replies":[{"embeddable":true,"href":"https:\/\/zonaroja.com.mx\/index.php?rest_route=%2Fwp%2Fv2%2Fcomments&post=85210"}],"version-history":[{"count":1,"href":"https:\/\/zonaroja.com.mx\/index.php?rest_route=\/wp\/v2\/posts\/85210\/revisions"}],"predecessor-version":[{"id":85212,"href":"https:\/\/zonaroja.com.mx\/index.php?rest_route=\/wp\/v2\/posts\/85210\/revisions\/85212"}],"wp:featuredmedia":[{"embeddable":true,"href":"https:\/\/zonaroja.com.mx\/index.php?rest_route=\/wp\/v2\/media\/85211"}],"wp:attachment":[{"href":"https:\/\/zonaroja.com.mx\/index.php?rest_route=%2Fwp%2Fv2%2Fmedia&parent=85210"}],"wp:term":[{"taxonomy":"category","embeddable":true,"href":"https:\/\/zonaroja.com.mx\/index.php?rest_route=%2Fwp%2Fv2%2Fcategories&post=85210"},{"taxonomy":"post_tag","embeddable":true,"href":"https:\/\/zonaroja.com.mx\/index.php?rest_route=%2Fwp%2Fv2%2Ftags&post=85210"}],"curies":[{"name":"wp","href":"https:\/\/api.w.org\/{rel}","templated":true}]}}