{"id":85213,"date":"2025-09-29T21:40:10","date_gmt":"2025-09-30T03:40:10","guid":{"rendered":"https:\/\/zonaroja.com.mx\/?p=85213"},"modified":"2025-09-29T21:54:11","modified_gmt":"2025-09-30T03:54:11","slug":"conflicto-entre-zaniza-amoltepec-mantiene-sin-clases-a-estudiantes-de-ambos-pueblos","status":"publish","type":"post","link":"https:\/\/zonaroja.com.mx\/?p=85213","title":{"rendered":"Conflicto entre Zaniza-Amoltepec mantiene sin clases a estudiantes de ambos pueblos"},"content":{"rendered":"\n<p>Lisbeth Mej\u00eda Reyes\/Zona Roja.<\/p>\n\n\n\n<p>Oaxaca, Oax., a 29 de septiembre de 2025.- El conflicto agrario entre Santa Mar\u00eda Zaniza y Santiago Amoltepec mantiene suspendidas las clases en las escuelas de nivel b\u00e1sico en ambas comunidades desde el pasado 15 de septiembre, confirm\u00f3 este lunes la Secci\u00f3n 22 del Sindicato Nacional de Trabajadores de la Educaci\u00f3n (SNTE).<\/p>\n\n\n\n<p>Tras el estallamiento del problema el pasado 14 de septiembre, la Secci\u00f3n 22 determin\u00f3 que sus agremiados no acudieran a laborar hasta que las autoridades garanticen la seguridad de la poblaci\u00f3n y docentes.<\/p>\n\n\n\n<p>\u00abEs una responsabilidad del Gobierno del Estado resolver esa problem\u00e1tica porque m\u00ednimamente se tiene que garantizar la seguridad de los compa\u00f1eros y los compa\u00f1eros maestros acordamos entre todos de que no se retorne a las clases hasta que no se garantice la seguridad.&nbsp;<\/p>\n\n\n\n<p>\u201cPero por encima de ello est\u00e1 el inter\u00e9s superior de los estudiantes\u00bb, apunt\u00f3 este lunes Eutiquio Ruiz, secretario de orientaci\u00f3n pol\u00edtica del Comit\u00e9 Ejecutivo Seccional de la Secci\u00f3n 22.<\/p>\n\n\n\n<p>En conferencia de prensa en la ciudad de Oaxaca, sobre las movilizaciones de la gremial, la Secci\u00f3n 22 abord\u00f3 la necesidad de que el gobierno estatal atienda de manera urgente la problem\u00e1tica para reanudar las clases en estas poblaciones.<\/p>\n\n\n\n<p>El conflicto agrario estall\u00f3 hace dos semanas y ha dejado hasta ahora dos personas muertas y al menos dos heridas m\u00e1s. Sobre los decesos, estos corresponden a habitantes de Amoltepec: Jos\u00e9 Santiago Guti\u00e9rrez, de 62 a\u00f1os de edad y quien hab\u00eda sido reportado como desaparecido desde el 14 de septiembre, y Guadalupe Mata, uno de los hombres que hab\u00eda salido en busca de Jos\u00e9.<\/p>\n\n\n\n<p>Ambas comunidades de la Sierra Sur se han se\u00f1alado mutuamente como responsables de la violencia en la zona, misma que tambi\u00e9n gener\u00f3 la suspensi\u00f3n del transporte.<\/p>\n\n\n\n<p>No obstante, antes y despu\u00e9s de este nuevo enfrentamiento, en Amoltepec se ha recrudecido la violencia desde que el 15 de mayo fue asesinado el presidente municipal Mario Hern\u00e1ndez Garc\u00eda.&nbsp;<\/p>\n\n\n\n<p>Posteriormente, el 6 de septiembre, dos individuos fueron asesinados en la v\u00edspera de la asamblea comunitaria para la elecci\u00f3n de la nueva autoridad municipal.&nbsp;<\/p>\n\n\n\n<p>Esta misma jornada estuvo empa\u00f1ada por las diferencias pol\u00edticas y el que para la asamblea solamente se hubiera presentado un candidato: Alexis Torres. En tanto, su contendiente Feliciano Jim\u00e9nez Roque y su esposa Serena Yescas fueron detenidos semanas antes, lo que un sector de la comunidad calific\u00f3 como arbitrario.<\/p>\n\n\n\n<p>Finalmente, el pasado 23 de septiembre dos personas fueron atacada a balazos en un bar ubicado a escasos metros de la presidencia municipal de Amoltepec. En el ataque perdi\u00f3 la vida Carlos H., hijo del suplente del regidor de Hacienda del ayuntamiento, mientras que Efra\u00edn V. result\u00f3 lesionado de gravedad.<\/p>\n","protected":false},"excerpt":{"rendered":"<p>Lisbeth Mej\u00eda Reyes\/Zona Roja. Oaxaca, Oax., a 29 de septiembre de 2025.- El conflicto agrario&hellip;<\/p>\n","protected":false},"author":2,"featured_media":84694,"comment_status":"closed","ping_status":"open","sticky":false,"template":"","format":"standard","meta":{"_lmt_disableupdate":"","_lmt_disable":"","_jetpack_memberships_contains_paid_content":false,"footnotes":""},"categories":[109,47],"tags":[141,860],"class_list":["post-85213","post","type-post","status-publish","format-standard","has-post-thumbnail","hentry","category-minuto-a-minuto","category-zona-gris","tag-santa-maria-zaniza","tag-santiago-amoltepec"],"jetpack_featured_media_url":"https:\/\/zonaroja.com.mx\/wp-content\/uploads\/2025\/09\/Santiago-AmoltepecJPG.jpg","jetpack_sharing_enabled":true,"_links":{"self":[{"href":"https:\/\/zonaroja.com.mx\/index.php?rest_route=\/wp\/v2\/posts\/85213","targetHints":{"allow":["GET"]}}],"collection":[{"href":"https:\/\/zonaroja.com.mx\/index.php?rest_route=\/wp\/v2\/posts"}],"about":[{"href":"https:\/\/zonaroja.com.mx\/index.php?rest_route=\/wp\/v2\/types\/post"}],"author":[{"embeddable":true,"href":"https:\/\/zonaroja.com.mx\/index.php?rest_route=\/wp\/v2\/users\/2"}],"replies":[{"embeddable":true,"href":"https:\/\/zonaroja.com.mx\/index.php?rest_route=%2Fwp%2Fv2%2Fcomments&post=85213"}],"version-history":[{"count":1,"href":"https:\/\/zonaroja.com.mx\/index.php?rest_route=\/wp\/v2\/posts\/85213\/revisions"}],"predecessor-version":[{"id":85214,"href":"https:\/\/zonaroja.com.mx\/index.php?rest_route=\/wp\/v2\/posts\/85213\/revisions\/85214"}],"wp:featuredmedia":[{"embeddable":true,"href":"https:\/\/zonaroja.com.mx\/index.php?rest_route=\/wp\/v2\/media\/84694"}],"wp:attachment":[{"href":"https:\/\/zonaroja.com.mx\/index.php?rest_route=%2Fwp%2Fv2%2Fmedia&parent=85213"}],"wp:term":[{"taxonomy":"category","embeddable":true,"href":"https:\/\/zonaroja.com.mx\/index.php?rest_route=%2Fwp%2Fv2%2Fcategories&post=85213"},{"taxonomy":"post_tag","embeddable":true,"href":"https:\/\/zonaroja.com.mx\/index.php?rest_route=%2Fwp%2Fv2%2Ftags&post=85213"}],"curies":[{"name":"wp","href":"https:\/\/api.w.org\/{rel}","templated":true}]}}