{"id":85215,"date":"2025-09-30T07:15:00","date_gmt":"2025-09-30T13:15:00","guid":{"rendered":"https:\/\/zonaroja.com.mx\/?p=85215"},"modified":"2025-09-30T06:45:24","modified_gmt":"2025-09-30T12:45:24","slug":"tendra-oaxaca-mas-de-4-mil-mdp-extra-el-proximo-ano","status":"publish","type":"post","link":"https:\/\/zonaroja.com.mx\/?p=85215","title":{"rendered":"Tendr\u00e1 Oaxaca m\u00e1s de 4 mil mdp extra el pr\u00f3ximo a\u00f1o\u00a0"},"content":{"rendered":"\n<p>Redacci\u00f3n\/Zona Roja.<\/p>\n\n\n\n<p>Oaxaca, Oax., a 30 de septiembre de 2025.- En el Presupuesto de Egresos 2026, el estado de Oaxaca tendr\u00e1 cuatro mil millones de pesos m\u00e1s, lo que representa un incremento del 6.4 por ciento.<\/p>\n\n\n\n<p>As\u00ed lo dio a conocer el gobernador Salom\u00f3n Jara Cruz durante la conferencia de prensa semana, en que destac\u00f3 que la propuesta del Paquete Econ\u00f3mico 2026 presentada por la Presidenta Claudia Sheinbaum Pardo reafirma la visi\u00f3n humanista y el compromiso con la justicia social y el bienestar de M\u00e9xico.&nbsp;<\/p>\n\n\n\n<p>\u201cNo tenemos duda de que este incremento es un reconocimiento al trabajo honesto, eficiente y con sentido social que caracteriza a la Primavera Oaxaque\u00f1a. Cada peso adicional significa m\u00e1s oportunidades para las familias oaxaque\u00f1as, m\u00e1s salud, mejor educaci\u00f3n y comunidades m\u00e1s seguras\u201d, dijo.<\/p>\n\n\n\n<p>Jara Cruz agradeci\u00f3 a la titular del Poder Ejecutivo federal que, en esta propuesta presentada a la C\u00e1mara de Diputados, Oaxaca sea una de las entidades con m\u00e1s aumento de participaciones y aportaciones federales, la cual es por encima del promedio general del tres por ciento para los dem\u00e1s estados.<\/p>\n\n\n\n<p>Detall\u00f3 que, de autorizarse, dicho presupuesto permitir\u00e1 consolidar las iniciativas del gobierno de Oaxaca y fortalecer los rubros estrat\u00e9gicos de salud, educaci\u00f3n e infraestructura.<\/p>\n\n\n\n<p>Este paquete econ\u00f3mico federal para 2026 prev\u00e9 la asignaci\u00f3n de 25 mil millones de pesos para el Corredor Interoce\u00e1nico del Istmo de Tehuantepec (CIIT) y 20 mil millones para diversas obras hidr\u00e1ulicas estrat\u00e9gicas, incluida la Presa Margarita Maza que proveer\u00e1 de agua a la capital de Oaxaca.<\/p>\n\n\n\n<p>Asimismo, para el estado se proyectan aumentos en el Fondo de Aportaciones para la n\u00f3mina educativa y gasto operativo (Fone) en 9.1 por ciento lo que da un total de 33 mil 674 millones de pesos, para fortalecer la educaci\u00f3n p\u00fablica.<\/p>\n\n\n\n<p>El Fondo de Aportaciones para la Infraestructura Social (FAIS) tendr\u00eda una inversi\u00f3n de 12 mil 465 millones, que representa un aumento de 10.9 por ciento para obras comunitarias y sociales; al Fondo de Fortalecimiento a los Municipios (Fortamun) se le asignar\u00edan cuatro mil 386 millones de pesos, 7.4 por ciento m\u00e1s para apoyar las finanzas de los gobiernos locales.<\/p>\n\n\n\n<p>En tanto, el Fondo de Aportaciones M\u00faltiples (FAM) aumentar\u00eda 15 por ciento, por lo tanto, dispondr\u00eda de mil 92 millones de pesos, que ser\u00eda uno de los mayores incrementos para infraestructura de salud, educativa y deportiva. Al Fondo de Aportaciones para la Educaci\u00f3n Tecnol\u00f3gica y de Adultos (FAETA) se le dar\u00edan 217 millones de pesos con lo que aumentar\u00eda 4.1 por ciento.<\/p>\n\n\n\n<p>Y al Fondo de Aportaciones para el Fortalecimiento de las Entidades Federativas (FAFEF) se le asignar\u00edan tres mil 148 millones de pesos, es decir, 9.1 por ciento m\u00e1s.<\/p>\n\n\n\n<figure class=\"wp-block-embed is-type-rich is-provider-twitter wp-block-embed-twitter\"><div class=\"wp-block-embed__wrapper\">\n<div class=\"twitter-tweet\"><blockquote class=\"twitter-tweet\" data-lang=\"es\"><p lang=\"es\" dir=\"ltr\">El estado de Oaxaca prev\u00e9 tener un aumento del 6.4% en el presupuesto federal 2026, adelant\u00f3 hoy el gobernador <a href=\"https:\/\/twitter.com\/salomonj?ref_src=twsrc%5Etfw\">@salomonj<\/a>.<br>En su conferencia matutina, agradeci\u00f3 el respaldo de la Presidenta <a href=\"https:\/\/twitter.com\/Claudiashein?ref_src=twsrc%5Etfw\">@Claudiashein<\/a>, quien respalda a la entidad para abatir los rezagos, dijo. <a href=\"https:\/\/t.co\/PWQ6S6dsX2\">pic.twitter.com\/PWQ6S6dsX2<\/a><\/p>&mdash; Zona Roja Oaxaca (@ZonaRoja_Oaxaca) <a href=\"https:\/\/twitter.com\/ZonaRoja_Oaxaca\/status\/1972697598558359702?ref_src=twsrc%5Etfw\">29 de septiembre de 2025<\/a><\/blockquote><\/div>\n<\/div><\/figure>\n","protected":false},"excerpt":{"rendered":"<p>Redacci\u00f3n\/Zona Roja. Oaxaca, Oax., a 30 de septiembre de 2025.- En el Presupuesto de Egresos&hellip;<\/p>\n","protected":false},"author":2,"featured_media":85216,"comment_status":"closed","ping_status":"open","sticky":false,"template":"","format":"standard","meta":{"_lmt_disableupdate":"","_lmt_disable":"","_jetpack_memberships_contains_paid_content":false,"footnotes":""},"categories":[109,46],"tags":[939],"class_list":["post-85215","post","type-post","status-publish","format-standard","has-post-thumbnail","hentry","category-minuto-a-minuto","category-zona-blanca","tag-salomon-jara-cruz"],"jetpack_featured_media_url":"https:\/\/zonaroja.com.mx\/wp-content\/uploads\/2025\/09\/GOBERNADOR-CONFERENCIA-2.jpeg","jetpack_sharing_enabled":true,"_links":{"self":[{"href":"https:\/\/zonaroja.com.mx\/index.php?rest_route=\/wp\/v2\/posts\/85215","targetHints":{"allow":["GET"]}}],"collection":[{"href":"https:\/\/zonaroja.com.mx\/index.php?rest_route=\/wp\/v2\/posts"}],"about":[{"href":"https:\/\/zonaroja.com.mx\/index.php?rest_route=\/wp\/v2\/types\/post"}],"author":[{"embeddable":true,"href":"https:\/\/zonaroja.com.mx\/index.php?rest_route=\/wp\/v2\/users\/2"}],"replies":[{"embeddable":true,"href":"https:\/\/zonaroja.com.mx\/index.php?rest_route=%2Fwp%2Fv2%2Fcomments&post=85215"}],"version-history":[{"count":1,"href":"https:\/\/zonaroja.com.mx\/index.php?rest_route=\/wp\/v2\/posts\/85215\/revisions"}],"predecessor-version":[{"id":85217,"href":"https:\/\/zonaroja.com.mx\/index.php?rest_route=\/wp\/v2\/posts\/85215\/revisions\/85217"}],"wp:featuredmedia":[{"embeddable":true,"href":"https:\/\/zonaroja.com.mx\/index.php?rest_route=\/wp\/v2\/media\/85216"}],"wp:attachment":[{"href":"https:\/\/zonaroja.com.mx\/index.php?rest_route=%2Fwp%2Fv2%2Fmedia&parent=85215"}],"wp:term":[{"taxonomy":"category","embeddable":true,"href":"https:\/\/zonaroja.com.mx\/index.php?rest_route=%2Fwp%2Fv2%2Fcategories&post=85215"},{"taxonomy":"post_tag","embeddable":true,"href":"https:\/\/zonaroja.com.mx\/index.php?rest_route=%2Fwp%2Fv2%2Ftags&post=85215"}],"curies":[{"name":"wp","href":"https:\/\/api.w.org\/{rel}","templated":true}]}}