{"id":85221,"date":"2025-09-30T10:15:00","date_gmt":"2025-09-30T16:15:00","guid":{"rendered":"https:\/\/zonaroja.com.mx\/?p=85221"},"modified":"2025-09-30T06:54:55","modified_gmt":"2025-09-30T12:54:55","slug":"opinion-uabjo-la-disputa-por-la-rectoria-iii","status":"publish","type":"post","link":"https:\/\/zonaroja.com.mx\/?p=85221","title":{"rendered":"Opini\u00f3n. UABJO: La disputa por la rector\u00eda (III)"},"content":{"rendered":"\n<p>Isidoro Yescas*<\/p>\n\n\n\n<p>Despu\u00e9s de la desaseada elecci\u00f3n del Comit\u00e9 Ejecutivo del STAUO&nbsp;(mayo&nbsp;2025) y la desarticulaci\u00f3n de la llamada Comisi\u00f3n Pol\u00edtica de dicha fuerza sindical,&nbsp;el rector Cristian Carre\u00f1o pretende ahora imponer las reglas pol\u00edticas de la sucesi\u00f3n rectoral&nbsp;olvidando que su servil subordinaci\u00f3n al gobierno primaveral&nbsp;(y a Morena)&nbsp;terminar\u00e1&nbsp;por echar abajo cualquier decisi\u00f3n que se tome en el peque\u00f1o c\u00edrculo que lo rodea para definir al candidato oficial.<\/p>\n\n\n\n<p>Esas reglas apuntan a la integraci\u00f3n de un triunvirato de aspirantes de donde tendr\u00eda que surgir el candidato para el pr\u00f3ximo a\u00f1o. En esa&nbsp;terna&nbsp;figuran&nbsp;su asesor Luis Alberto Hern\u00e1ndez, su secretario Particular, Am\u00edlcar Taurino Sosa Velasco y el exsecretario General del STAUO, Enrique Mart\u00ednez&nbsp;Mart\u00ednez.&nbsp;<\/p>\n\n\n\n<p>Los tres, del STAUO,&nbsp;ya est\u00e1n en precampa\u00f1a y se entiende que, a falta de una normatividad que regule los actos anticipados de campa\u00f1a, cada uno de los aspirantes puede llevar a cabo&nbsp;actividades de&nbsp;proselitismo en el campus universitario&nbsp;(y en las redes) sin ning\u00fan tipo de restricciones.&nbsp;<\/p>\n\n\n\n<p>Sin embargo, el principal contrapeso a las pretensi\u00f3n continuista&nbsp;de Carre\u00f1o&nbsp;es el grupo pol\u00edtico que mantiene el control de la direcci\u00f3n de la Facultad de Derecho y que se identifica parcialmente con el SUMA,&nbsp;pues&nbsp;otra facci\u00f3n del mismo sindicato que dirige el viejo&nbsp;cacique&nbsp;Abraham&nbsp;Mart\u00ednez&nbsp;Alavez, se mueve en la misma sinton\u00eda que la camarilla que controla el STAUO.<\/p>\n\n\n\n<p>Trat\u00e1ndose de una facultad que electoralmente resulta estrat\u00e9gico&nbsp;en cualquier relevo rectoral por el n\u00famero de votos que aporta, no extra\u00f1a que en este a\u00f1o&nbsp;ya &nbsp;sumen&nbsp;dos intentos de la dupla Carre\u00f1o-Mart\u00ednez&nbsp;Alavez&nbsp;para&nbsp;eliminar el contrapeso pol\u00edtico-familiar en&nbsp;este plantel.&nbsp;<\/p>\n\n\n\n<p>Y&nbsp;contra &nbsp;lo&nbsp;que se quiere vender desde el oficialismo universitario y por un grupo de docentes afines, &nbsp;la disputa que en esta facultad libran dos bloques de poder pol\u00edtico-sindical no &nbsp;es para&nbsp;rescatar del ostracismo&nbsp;acad\u00e9mico a esta facultad, sino para &nbsp;mantener o arrebatar el control &nbsp;del alumnado, que a la hora de la verdad se convierten en votos.&nbsp;&nbsp;<\/p>\n\n\n\n<p>Desde hace d\u00e9cadas, o para ser m\u00e1s precisos, desde la d\u00e9cada de los ochenta, la Facultad de Derecho ha sido semillero de grupos porriles, un factor que tambi\u00e9n pesa en las disputas internas&nbsp;de estos dos bloques, como se evidenci\u00f3 con los recientes hechos de violencia registrados en este plantel.<\/p>\n\n\n\n<p>Hoy, al frente de esa facultad est\u00e1 la abogada Roc\u00edo Mart\u00ednez&nbsp;Helmes,&nbsp;hija &nbsp;non&nbsp;grata de Abraham Mart\u00ednez&nbsp;Alavez. Y quien aspira a la rector\u00eda por este bando es su esposo, Carlos P\u00e9rez Campos Mayoral,&nbsp;flamante&nbsp;subsecretario de Desarrollo Democr\u00e1tico de la Secretar\u00eda de Gobierno.<\/p>\n\n\n\n<p>Apenas el pasado fin de semana, representantes de esas dos&nbsp;facciones&nbsp;se reunieron en un edificio p\u00fablico del centro de la ciudad capital a convocatoria del secretario General de Gobierno, Jes\u00fas Romero&nbsp;L\u00f3pez, para&nbsp;limar asperezas y explorar, sin resultados, salidas negociadas a la pr\u00f3xima elecci\u00f3n de director o directora.&nbsp;<\/p>\n\n\n\n<p>Y all\u00ed estuvo el rector Cristian Carre\u00f1o,&nbsp;no como&nbsp;co-convocante&nbsp;ni&nbsp;como una autoridad mediadora e&nbsp;imparcial, sino&nbsp;como&nbsp;parte del conflicto y cabeza&nbsp;del bloque oficialista que ante su nulo liderazgo,&nbsp;por en\u00e9sima ocasi\u00f3n recurre&nbsp;a la mediaci\u00f3n gubernamental para resolver un asunto interno que solamente debiera ser de la competencia de los universitarios. &nbsp;<\/p>\n\n\n\n<p>Existen, por supuesto, otros aspirantes y otras fuerzas internas que con el paso del tiempo se har\u00e1n visibles en un proceso&nbsp;que&nbsp;a&nbsp;medida que se acerque la fecha de la elecci\u00f3n&nbsp;se volver\u00e1&nbsp;mas&nbsp;complicado pol\u00edticamente &nbsp;y fr\u00e1gil en su institucionalidad ante la ausencia de reglas&nbsp;escritas (para el caso la Ley Org\u00e1nica es letra muerta)&nbsp;y un rector que no entiende que su papel es cuidar la gobernabilidad de la UABJO y no atizar conflictos&nbsp;por doquier.&nbsp;<\/p>\n\n\n\n<p>*Maestro en Sociolog\u00eda y periodista.&nbsp;<\/p>\n\n\n\n<p>X:@YescasIsidoro &nbsp; &nbsp; &nbsp;<\/p>\n\n\n\n<p>Faceboock:IsidoroYescas<\/p>\n","protected":false},"excerpt":{"rendered":"<p>Isidoro Yescas* Despu\u00e9s de la desaseada elecci\u00f3n del Comit\u00e9 Ejecutivo del STAUO&nbsp;(mayo&nbsp;2025) y la desarticulaci\u00f3n&hellip;<\/p>\n","protected":false},"author":2,"featured_media":71623,"comment_status":"closed","ping_status":"open","sticky":false,"template":"","format":"standard","meta":{"_lmt_disableupdate":"","_lmt_disable":"","_jetpack_memberships_contains_paid_content":false,"footnotes":""},"categories":[456,109],"tags":[3998],"class_list":["post-85221","post","type-post","status-publish","format-standard","has-post-thumbnail","hentry","category-columna","category-minuto-a-minuto","tag-isidoro-yescas-martinez"],"jetpack_featured_media_url":"https:\/\/zonaroja.com.mx\/wp-content\/uploads\/2024\/08\/Opinion.-Isidoro-Yescas.jpg","jetpack_sharing_enabled":true,"_links":{"self":[{"href":"https:\/\/zonaroja.com.mx\/index.php?rest_route=\/wp\/v2\/posts\/85221","targetHints":{"allow":["GET"]}}],"collection":[{"href":"https:\/\/zonaroja.com.mx\/index.php?rest_route=\/wp\/v2\/posts"}],"about":[{"href":"https:\/\/zonaroja.com.mx\/index.php?rest_route=\/wp\/v2\/types\/post"}],"author":[{"embeddable":true,"href":"https:\/\/zonaroja.com.mx\/index.php?rest_route=\/wp\/v2\/users\/2"}],"replies":[{"embeddable":true,"href":"https:\/\/zonaroja.com.mx\/index.php?rest_route=%2Fwp%2Fv2%2Fcomments&post=85221"}],"version-history":[{"count":1,"href":"https:\/\/zonaroja.com.mx\/index.php?rest_route=\/wp\/v2\/posts\/85221\/revisions"}],"predecessor-version":[{"id":85222,"href":"https:\/\/zonaroja.com.mx\/index.php?rest_route=\/wp\/v2\/posts\/85221\/revisions\/85222"}],"wp:featuredmedia":[{"embeddable":true,"href":"https:\/\/zonaroja.com.mx\/index.php?rest_route=\/wp\/v2\/media\/71623"}],"wp:attachment":[{"href":"https:\/\/zonaroja.com.mx\/index.php?rest_route=%2Fwp%2Fv2%2Fmedia&parent=85221"}],"wp:term":[{"taxonomy":"category","embeddable":true,"href":"https:\/\/zonaroja.com.mx\/index.php?rest_route=%2Fwp%2Fv2%2Fcategories&post=85221"},{"taxonomy":"post_tag","embeddable":true,"href":"https:\/\/zonaroja.com.mx\/index.php?rest_route=%2Fwp%2Fv2%2Ftags&post=85221"}],"curies":[{"name":"wp","href":"https:\/\/api.w.org\/{rel}","templated":true}]}}