{"id":85223,"date":"2025-09-30T09:16:00","date_gmt":"2025-09-30T15:16:00","guid":{"rendered":"https:\/\/zonaroja.com.mx\/?p=85223"},"modified":"2025-09-30T07:17:14","modified_gmt":"2025-09-30T13:17:14","slug":"denuncian-retencion-de-cuatro-mujeres-en-poblacion-de-oaxaca","status":"publish","type":"post","link":"https:\/\/zonaroja.com.mx\/?p=85223","title":{"rendered":"Denuncian retenci\u00f3n de cuatro mujeres en poblaci\u00f3n de Oaxaca"},"content":{"rendered":"\n<p>Raymundo Morales\/Zona Roja.<\/p>\n\n\n\n<p>Oaxaca, Oax., a 30 de septiembre de 2025.- Cuatro mujeres fueron retenidas y encarceladas por cerca de 24 horas en la comunidad de San Crist\u00f3bal La Vega, municipio de San Juan Bautista Valle Nacional, regi\u00f3n de la Cuenca.<\/p>\n\n\n\n<p>El argumento es que no quisieron aportar su cooperaci\u00f3n para las fiestas cat\u00f3licas; las v\u00edctimas se\u00f1alan que profesan otra fe religiosa (Testigos de Jehov\u00e1) y que no se niegan a apoyar pero en otras actividades.<\/p>\n\n\n\n<p>El ex diputado local de Oaxaca, Freddie Delf\u00edn Avenda\u00f1o, confirm\u00f3 que las mujeres, entre ellas su suegra, fueron liberadas la madrugada de ayer y se encuentran bien de salud.<\/p>\n\n\n\n<p>A trav\u00e9s de sus redes sociales, resalt\u00f3 la necesidad de atender la problem\u00e1tica generada por los sistemas normativos internos, que violan derechos humanos como el de la libertad religiosa.<\/p>\n\n\n\n<p>\u201cTodos los mexicanos, mexicanas, tenemos el derecho de elegir la religi\u00f3n de nuestra preferencia; sin embargo, en esa comunidad a\u00fan no se respeta.<\/p>\n\n\n\n<p>\u201cEn varias comunidades de Valle Nacional hemos visto que han sacado a varias familias completas, precisamente por el tema de usos y costumbres.<\/p>\n\n\n\n<p>\u201cAyer (domingo) efectivamente a m\u00ed me retuvieron, como parte de esa situaci\u00f3n, cuando fuimos a defender, mi esposa y sus hermanas fueron a defender a su mam\u00e1, por el derecho de preferir la religi\u00f3n, en este caso mi suegra y las dem\u00e1s personas, de la tercera edad, pues han elegido profesar\u201d, dijo a trav\u00e9s de un video.<\/p>\n\n\n\n<p>Freddie Delf\u00edn lament\u00f3 que el hecho se haya tergiversado y le hayan dado car\u00e1cter pol\u00edtico e incluso criticando su participaci\u00f3n como ex legislador, cuando \u00fanicamente acudi\u00f3 a buscar junto con su familia la liberaci\u00f3n de su suegra.<\/p>\n\n\n\n<p>El ex legislador tambi\u00e9n fue retenido pero liberado tambi\u00e9n por parte de los pobladores, azuzados por un grupo de personas.<\/p>\n","protected":false},"excerpt":{"rendered":"<p>Raymundo Morales\/Zona Roja. Oaxaca, Oax., a 30 de septiembre de 2025.- Cuatro mujeres fueron retenidas&hellip;<\/p>\n","protected":false},"author":2,"featured_media":85225,"comment_status":"closed","ping_status":"open","sticky":false,"template":"","format":"standard","meta":{"_lmt_disableupdate":"","_lmt_disable":"","_jetpack_memberships_contains_paid_content":false,"footnotes":""},"categories":[109,47],"tags":[1824],"class_list":["post-85223","post","type-post","status-publish","format-standard","has-post-thumbnail","hentry","category-minuto-a-minuto","category-zona-gris","tag-san-juan-bautista-valle-nacional"],"jetpack_featured_media_url":"https:\/\/zonaroja.com.mx\/wp-content\/uploads\/2025\/09\/Intolerancia-religiosa-La-Vega-Valle-Nacional.jpg","jetpack_sharing_enabled":true,"_links":{"self":[{"href":"https:\/\/zonaroja.com.mx\/index.php?rest_route=\/wp\/v2\/posts\/85223","targetHints":{"allow":["GET"]}}],"collection":[{"href":"https:\/\/zonaroja.com.mx\/index.php?rest_route=\/wp\/v2\/posts"}],"about":[{"href":"https:\/\/zonaroja.com.mx\/index.php?rest_route=\/wp\/v2\/types\/post"}],"author":[{"embeddable":true,"href":"https:\/\/zonaroja.com.mx\/index.php?rest_route=\/wp\/v2\/users\/2"}],"replies":[{"embeddable":true,"href":"https:\/\/zonaroja.com.mx\/index.php?rest_route=%2Fwp%2Fv2%2Fcomments&post=85223"}],"version-history":[{"count":1,"href":"https:\/\/zonaroja.com.mx\/index.php?rest_route=\/wp\/v2\/posts\/85223\/revisions"}],"predecessor-version":[{"id":85226,"href":"https:\/\/zonaroja.com.mx\/index.php?rest_route=\/wp\/v2\/posts\/85223\/revisions\/85226"}],"wp:featuredmedia":[{"embeddable":true,"href":"https:\/\/zonaroja.com.mx\/index.php?rest_route=\/wp\/v2\/media\/85225"}],"wp:attachment":[{"href":"https:\/\/zonaroja.com.mx\/index.php?rest_route=%2Fwp%2Fv2%2Fmedia&parent=85223"}],"wp:term":[{"taxonomy":"category","embeddable":true,"href":"https:\/\/zonaroja.com.mx\/index.php?rest_route=%2Fwp%2Fv2%2Fcategories&post=85223"},{"taxonomy":"post_tag","embeddable":true,"href":"https:\/\/zonaroja.com.mx\/index.php?rest_route=%2Fwp%2Fv2%2Ftags&post=85223"}],"curies":[{"name":"wp","href":"https:\/\/api.w.org\/{rel}","templated":true}]}}