{"id":85227,"date":"2025-09-30T11:15:00","date_gmt":"2025-09-30T17:15:00","guid":{"rendered":"https:\/\/zonaroja.com.mx\/?p=85227"},"modified":"2025-09-30T07:45:23","modified_gmt":"2025-09-30T13:45:23","slug":"detienen-a-individuo-que-abuso-a-una-mujer-en-un-taxi-en-ejutla","status":"publish","type":"post","link":"https:\/\/zonaroja.com.mx\/?p=85227","title":{"rendered":"Detienen a individuo que abus\u00f3 a una mujer en un taxi, en Ejutla"},"content":{"rendered":"\n<p>Redacci\u00f3n\/Zona Roja.&nbsp;<\/p>\n\n\n\n<p>Oaxaca, Oax., a 30 de septiembre de 2025.- La Fiscal\u00eda General del Estado de Oaxaca (FGEO) ejecut\u00f3 una orden de aprehensi\u00f3n en contra de una persona del sexo masculino identificado como M.R.C.M., por el delito de abuso sexual agravado, cometido en la regi\u00f3n de los Valles Centrales.<\/p>\n\n\n\n<p>De acuerdo con el expediente penal del caso, la agresi\u00f3n sexual en agravio de la v\u00edctima, ocurri\u00f3 el 6 de noviembre de 2024, cuando la v\u00edctima abord\u00f3 un taxi.<\/p>\n\n\n\n<p>La investigaci\u00f3n revela que el conductor del veh\u00edculo se desvi\u00f3 de ruta, llevando a la v\u00edctima a la orilla del r\u00edo \u201cAtoyac\u201d, ubicado en la poblaci\u00f3n de Santa Cruz Nexila, perteneciente al municipio de la Heroica Ciudad de Ejutla de Crespo, donde agredi\u00f3 a la v\u00edctima.<\/p>\n\n\n\n<p>Cuando la Fiscal\u00eda de Oaxaca recibi\u00f3 la denuncia correspondiente, inici\u00f3 las investigaciones a trav\u00e9s de la Vicefiscal\u00eda Regional de Valles Centrales y derivado de los resultados se obtuvo una orden de aprehensi\u00f3n, la cual se le dio cumplimiento con un operativo encabezado por la Agencia Estatal de Investigaciones (AEI) que logr\u00f3 la detenci\u00f3n de M.R.C.M., quien fue puesto a disposici\u00f3n de la autoridad competente que lo requiri\u00f3.<\/p>\n\n\n\n<p>VINCULADO A PROCESO<\/p>\n\n\n\n<p>En otro caso, la Fiscal\u00eda General logr\u00f3 la vinculaci\u00f3n a proceso de una persona del sexo masculino identificado como J.G.S. por el delito de homicidio y da\u00f1os culposos por tr\u00e1nsito de veh\u00edculo ocurrido en la carretera federal 175, a la altura de \u00c1nimas Trujano, y por el cual perdieron la vida dos personas.<\/p>\n\n\n\n<p>Los hechos ocurrieron la tarde del 17 de septiembre de 2025, sobre la carretera federal 175 Oaxaca-Puerto \u00c1ngel, en la jurisdicci\u00f3n de \u00c1nimas Trujano, cuando un cami\u00f3n de volteo con placas PKD-8695 choc\u00f3 contra un mototaxi del servicio p\u00fablico, lo que provoc\u00f3 que dos personas perdieran la vida: una de ellas era un peat\u00f3n, mientras que el segundo fue el conductor del mototaxi.<\/p>\n\n\n\n<p>Por estos hechos, la Fiscal\u00eda de Oaxaca realiz\u00f3 la detenci\u00f3n de una persona del sexo masculino identificado como J.G.S., quien conduc\u00eda el cami\u00f3n tipo volteo, quien fue puesto a disposici\u00f3n de la autoridad ministerial.<\/p>\n\n\n\n<p>Tras evaluar las pruebas aportadas por la Fiscal\u00eda de Oaxaca, el Juez de la Causa determin\u00f3 vincular a proceso a J.G.S. por los delitos de homicidio y da\u00f1os culposos por tr\u00e1nsito de veh\u00edculo de motor, as\u00ed como por da\u00f1os culposos, e impuso la medida de prisi\u00f3n preventiva justificada, adem\u00e1s de otorgar tres meses para el cierre de la investigaci\u00f3n.<\/p>\n","protected":false},"excerpt":{"rendered":"<p>Redacci\u00f3n\/Zona Roja.&nbsp; Oaxaca, Oax., a 30 de septiembre de 2025.- La Fiscal\u00eda General del Estado&hellip;<\/p>\n","protected":false},"author":2,"featured_media":85228,"comment_status":"closed","ping_status":"open","sticky":false,"template":"","format":"standard","meta":{"_lmt_disableupdate":"","_lmt_disable":"","_jetpack_memberships_contains_paid_content":false,"footnotes":""},"categories":[109,46],"tags":[494],"class_list":["post-85227","post","type-post","status-publish","format-standard","has-post-thumbnail","hentry","category-minuto-a-minuto","category-zona-blanca","tag-fiscalia-general-del-estado-de-oaxaca"],"jetpack_featured_media_url":"https:\/\/zonaroja.com.mx\/wp-content\/uploads\/2025\/09\/Violador-detenido-Nexila-Ejutla-taxi-Fiscalia.jpg","jetpack_sharing_enabled":true,"_links":{"self":[{"href":"https:\/\/zonaroja.com.mx\/index.php?rest_route=\/wp\/v2\/posts\/85227","targetHints":{"allow":["GET"]}}],"collection":[{"href":"https:\/\/zonaroja.com.mx\/index.php?rest_route=\/wp\/v2\/posts"}],"about":[{"href":"https:\/\/zonaroja.com.mx\/index.php?rest_route=\/wp\/v2\/types\/post"}],"author":[{"embeddable":true,"href":"https:\/\/zonaroja.com.mx\/index.php?rest_route=\/wp\/v2\/users\/2"}],"replies":[{"embeddable":true,"href":"https:\/\/zonaroja.com.mx\/index.php?rest_route=%2Fwp%2Fv2%2Fcomments&post=85227"}],"version-history":[{"count":1,"href":"https:\/\/zonaroja.com.mx\/index.php?rest_route=\/wp\/v2\/posts\/85227\/revisions"}],"predecessor-version":[{"id":85229,"href":"https:\/\/zonaroja.com.mx\/index.php?rest_route=\/wp\/v2\/posts\/85227\/revisions\/85229"}],"wp:featuredmedia":[{"embeddable":true,"href":"https:\/\/zonaroja.com.mx\/index.php?rest_route=\/wp\/v2\/media\/85228"}],"wp:attachment":[{"href":"https:\/\/zonaroja.com.mx\/index.php?rest_route=%2Fwp%2Fv2%2Fmedia&parent=85227"}],"wp:term":[{"taxonomy":"category","embeddable":true,"href":"https:\/\/zonaroja.com.mx\/index.php?rest_route=%2Fwp%2Fv2%2Fcategories&post=85227"},{"taxonomy":"post_tag","embeddable":true,"href":"https:\/\/zonaroja.com.mx\/index.php?rest_route=%2Fwp%2Fv2%2Ftags&post=85227"}],"curies":[{"name":"wp","href":"https:\/\/api.w.org\/{rel}","templated":true}]}}